{"id":22,"date":"2023-03-14T14:56:40","date_gmt":"2023-03-14T13:56:40","guid":{"rendered":"http:\/\/szkola1.2lo.pl\/?p=22"},"modified":"2023-03-14T14:56:40","modified_gmt":"2023-03-14T13:56:40","slug":"komunikat-dla-uczniow-szkol-podstawowychbioracych-udzial-w-etapie-wojewodzkim-konkursow-przedmiotowych","status":"publish","type":"post","link":"https:\/\/szkola.2lo.pl\/index.php\/2023\/03\/14\/komunikat-dla-uczniow-szkol-podstawowychbioracych-udzial-w-etapie-wojewodzkim-konkursow-przedmiotowych\/","title":{"rendered":"<strong>Komunikat dla uczni\u00f3w szk\u00f3\u0142 podstawowych<\/strong><br><strong>bior\u0105cych udzia\u0142 w etapie wojew\u00f3dzkim konkurs\u00f3w przedmiotowych<\/strong>"},"content":{"rendered":"\n<p>Wszystkie konkursy przedmiotowe dla uczni\u00f3w szk\u00f3\u0142 podstawowych &nbsp;odbywaj\u0105 si\u0119 w sali 6A i trwaj\u0105 120 minut.<\/p>\n","protected":false},"excerpt":{"rendered":"<p>Wszystkie konkursy przedmiotowe dla uczni\u00f3w szk\u00f3\u0142 podstawowych &nbsp;odbywaj\u0105 si\u0119 w sali 6A i trwaj\u0105 120 minut.<\/p>\n","protected":false},"author":1,"featured_media":0,"comment_status":"closed","ping_status":"closed","sticky":false,"template":"","format":"standard","meta":{"footnotes":""},"categories":[2],"tags":[],"class_list":["post-22","post","type-post","status-publish","format-standard","hentry","category-komunikaty"],"_links":{"self":[{"href":"https:\/\/szkola.2lo.pl\/index.php\/wp-json\/wp\/v2\/posts\/22","targetHints":{"allow":["GET"]}}],"collection":[{"href":"https:\/\/szkola.2lo.pl\/index.php\/wp-json\/wp\/v2\/posts"}],"about":[{"href":"https:\/\/szkola.2lo.pl\/index.php\/wp-json\/wp\/v2\/types\/post"}],"author":[{"embeddable":true,"href":"https:\/\/szkola.2lo.pl\/index.php\/wp-json\/wp\/v2\/users\/1"}],"replies":[{"embeddable":true,"href":"https:\/\/szkola.2lo.pl\/index.php\/wp-json\/wp\/v2\/comments?post=22"}],"version-history":[{"count":0,"href":"https:\/\/szkola.2lo.pl\/index.php\/wp-json\/wp\/v2\/posts\/22\/revisions"}],"wp:attachment":[{"href":"https:\/\/szkola.2lo.pl\/index.php\/wp-json\/wp\/v2\/media?parent=22"}],"wp:term":[{"taxonomy":"category","embeddable":true,"href":"https:\/\/szkola.2lo.pl\/index.php\/wp-json\/wp\/v2\/categories?post=22"},{"taxonomy":"post_tag","embeddable":true,"href":"https:\/\/szkola.2lo.pl\/index.php\/wp-json\/wp\/v2\/tags?post=22"}],"curies":[{"name":"wp","href":"https:\/\/api.w.org\/{rel}","templated":true}]}}