{"id":4314,"date":"2023-05-23T18:56:06","date_gmt":"2023-05-23T16:56:06","guid":{"rendered":"https:\/\/szkola.2lo.pl\/?p=4314"},"modified":"2023-05-24T21:00:58","modified_gmt":"2023-05-24T19:00:58","slug":"henryki-2022-rozdane","status":"publish","type":"post","link":"https:\/\/szkola.2lo.pl\/index.php\/2023\/05\/23\/henryki-2022-rozdane\/","title":{"rendered":"HENRYKI 2022 rozdane!"},"content":{"rendered":"<p><strong>Gala Sienkiewiczowska<br \/>\nw Zespole Szk\u00f3\u0142 Nr 1 im. H. Sienkiewicza w Ko\u0142obrzegu<\/strong><\/p>\n<p>Tradycj\u0105 ZS Nr 1 w Ko\u0142obrzegu jest organizacja z okazji \u015awi\u0119ta Szko\u0142y Gali Sienkiewiczowskiej. W dniu 14 grudnia 2022r. w Regionalnym Centrum Kultury w Ko\u0142obrzegu, po dw\u00f3ch latach przerwy spowodowanej Covid-19, ponownie mieli\u015bmy okazj\u0119 spotka\u0107 si\u0119 oraz podzi\u0119kowa\u0107 wielu osobom za wsparcie i zaanga\u017cowanie w \u017cycie naszej szko\u0142y. Mamy naprawd\u0119 wielu Przyjaci\u00f3\u0142! Punktem kulminacyjnym uroczysto\u015bci by\u0142o wr\u0119czenie w sze\u015bciu kategoriach statuetek Henryki 2022 dla os\u00f3b szczeg\u00f3lnie zwi\u0105zanych z \u201eSienkiewiczem\u201d.<br \/>\n<strong>W tym roku do grona wyr\u00f3\u017cnionych os\u00f3b do\u0142\u0105czyli w kategorii:&nbsp; &nbsp;<\/strong><br \/>\n<strong>Przyjaciel Szko\u0142y<\/strong> &#8211; Wanda Przybylska oraz Krystyna Gawlik,<br \/>\n<strong>Wyj\u0105tkowy Rodzic<\/strong> &#8211; Wioletta Krzemi\u0144ska-\u0141azarczak,<br \/>\n<strong>Osobowo\u015b\u0107 Szkolna<\/strong> &#8211; Mateusz Ciesielski,<br \/>\n<strong>Super! Absolwent<\/strong> &#8211; Jakub Czekalski,<br \/>\n<strong>Belfer Roku<\/strong> &#8211; Andrzej Cie\u015blar,<br \/>\n<strong>Super! Henryk<\/strong> &#8211; Alex Lubawi\u0144ski<\/p>\n<p><strong>Zapraszamy do obejrzenia fotorelacji:<\/strong>&nbsp;<a href=\"http:\/\/galeria.2lo.pl\/index.php?\/category\/267\">http:\/\/galeria.2lo.pl\/index.php?\/category\/267<\/a><\/p>\n<p>Wsp\u00f3\u0142gospodarzem i honorowym patronem imprezy, jak zawsze, by\u0142 Starosta Ko\u0142obrzeski Pan Tomasz Tamborski, kt\u00f3ry wsp\u00f3lnie z dyrektor szko\u0142y, Pani\u0105 Katarzyn\u0105 Kara\u017aniewicz \u2013 Deczy\u0144sk\u0105, wr\u0119cza\u0142 statuetki.<\/p>\n<p>Swoj\u0105 obecno\u015bci\u0105 zaszczycili nas m.in. Zachodniopomorski Wicekurator O\u015bwiaty Pan Bogus\u0142aw Ogorza\u0142ek, dyrektorzy zaprzyja\u017anionych szk\u00f3\u0142 i wielu innych znamienitych go\u015bci.<\/p>\n<p>Jak zawsze, Gala spotka\u0142a si\u0119 z bardzo ciep\u0142ym przyj\u0119ciem, doceniono nasz wysi\u0142ek i prac\u0119, za co serdecznie dzi\u0119kujemy !<\/p>\n","protected":false},"excerpt":{"rendered":"<p>Gala Sienkiewiczowska w Zespole Szk\u00f3\u0142 Nr 1 im. H. Sienkiewicza w Ko\u0142obrzegu Tradycj\u0105 ZS Nr 1 w Ko\u0142obrzegu jest organizacja z okazji \u015awi\u0119ta [&hellip;]<\/p>\n","protected":false},"author":1,"featured_media":4488,"comment_status":"closed","ping_status":"closed","sticky":false,"template":"","format":"standard","meta":{"footnotes":""},"categories":[3],"tags":[8],"class_list":["post-4314","post","type-post","status-publish","format-standard","has-post-thumbnail","hentry","category-ogloszenie","tag-gala-sienkiewiczowska"],"_links":{"self":[{"href":"https:\/\/szkola.2lo.pl\/index.php\/wp-json\/wp\/v2\/posts\/4314","targetHints":{"allow":["GET"]}}],"collection":[{"href":"https:\/\/szkola.2lo.pl\/index.php\/wp-json\/wp\/v2\/posts"}],"about":[{"href":"https:\/\/szkola.2lo.pl\/index.php\/wp-json\/wp\/v2\/types\/post"}],"author":[{"embeddable":true,"href":"https:\/\/szkola.2lo.pl\/index.php\/wp-json\/wp\/v2\/users\/1"}],"replies":[{"embeddable":true,"href":"https:\/\/szkola.2lo.pl\/index.php\/wp-json\/wp\/v2\/comments?post=4314"}],"version-history":[{"count":3,"href":"https:\/\/szkola.2lo.pl\/index.php\/wp-json\/wp\/v2\/posts\/4314\/revisions"}],"predecessor-version":[{"id":4964,"href":"https:\/\/szkola.2lo.pl\/index.php\/wp-json\/wp\/v2\/posts\/4314\/revisions\/4964"}],"wp:featuredmedia":[{"embeddable":true,"href":"https:\/\/szkola.2lo.pl\/index.php\/wp-json\/wp\/v2\/media\/4488"}],"wp:attachment":[{"href":"https:\/\/szkola.2lo.pl\/index.php\/wp-json\/wp\/v2\/media?parent=4314"}],"wp:term":[{"taxonomy":"category","embeddable":true,"href":"https:\/\/szkola.2lo.pl\/index.php\/wp-json\/wp\/v2\/categories?post=4314"},{"taxonomy":"post_tag","embeddable":true,"href":"https:\/\/szkola.2lo.pl\/index.php\/wp-json\/wp\/v2\/tags?post=4314"}],"curies":[{"name":"wp","href":"https:\/\/api.w.org\/{rel}","templated":true}]}}