{"id":4659,"date":"2023-06-15T20:30:05","date_gmt":"2023-06-15T18:30:05","guid":{"rendered":"https:\/\/szkola.2lo.pl\/?p=4659"},"modified":"2023-07-07T15:54:03","modified_gmt":"2023-07-07T13:54:03","slug":"final-wielkiego-interdyscyplinarnego-quizu-1-z-5","status":"publish","type":"post","link":"https:\/\/szkola.2lo.pl\/index.php\/2023\/06\/15\/final-wielkiego-interdyscyplinarnego-quizu-1-z-5\/","title":{"rendered":"Fina\u0142 Wielkiego Interdyscyplinarnego Quizu &#8222;1 z 5&#8221;"},"content":{"rendered":"\n<p>We wtorek 13 czerwca w internacie Zespo\u0142u Szk\u00f3\u0142 Nr 1 odby\u0142a si\u0119 kolejna edycja Wielkiego Interdyscyplinarnego Quizu &#8222;1 z 5&#8221;.<\/p>\n\n\n\n<p>Tym razem w szranki stan\u0119\u0142o pi\u0119\u0107 dru\u017cyn reprezentuj\u0105cych klasy 1 LO, 2 LO, 3 LO, TZ oraz ZSE-H.<\/p>\n\n\n\n<p>Po pierwszej rundzie pyta\u0144, do fina\u0142owego etapu awansowa\u0142y trzy zespo\u0142y reprezentuj\u0105ce liceum, a w nim po zaci\u0119tej rywalizacji, najlepsi okazali si\u0119 uczniowie klas trzecich.<\/p>\n\n\n\n<p>Wszystkim serdecznie gratulujemy ! Za przygotowanie quizu odpowiedzialny by\u0142 Pan mgr Jaros\u0142aw Maj.<\/p>\n\n\n\n<figure class=\"wp-block-gallery has-nested-images columns-default is-cropped wp-block-gallery-1 is-layout-flex wp-block-gallery-is-layout-flex\">\n<figure class=\"wp-block-image size-large\"><img loading=\"lazy\" decoding=\"async\" width=\"500\" height=\"375\" data-id=\"4663\" src=\"https:\/\/szkola.2lo.pl\/wp-content\/uploads\/2023\/06\/final3.webp\" alt=\"\" class=\"wp-image-4663\" srcset=\"https:\/\/szkola.2lo.pl\/wp-content\/uploads\/2023\/06\/final3.webp 500w, https:\/\/szkola.2lo.pl\/wp-content\/uploads\/2023\/06\/final3-300x225.webp 300w\" sizes=\"auto, (max-width: 500px) 100vw, 500px\" \/><\/figure>\n\n\n\n<figure class=\"wp-block-image size-large\"><img loading=\"lazy\" decoding=\"async\" width=\"500\" height=\"375\" data-id=\"4662\" src=\"https:\/\/szkola.2lo.pl\/wp-content\/uploads\/2023\/06\/final2.webp\" alt=\"\" class=\"wp-image-4662\" srcset=\"https:\/\/szkola.2lo.pl\/wp-content\/uploads\/2023\/06\/final2.webp 500w, https:\/\/szkola.2lo.pl\/wp-content\/uploads\/2023\/06\/final2-300x225.webp 300w\" sizes=\"auto, (max-width: 500px) 100vw, 500px\" \/><\/figure>\n\n\n\n<figure class=\"wp-block-image size-large\"><img loading=\"lazy\" decoding=\"async\" width=\"500\" height=\"375\" data-id=\"4661\" src=\"https:\/\/szkola.2lo.pl\/wp-content\/uploads\/2023\/06\/final1.webp\" alt=\"\" class=\"wp-image-4661\" srcset=\"https:\/\/szkola.2lo.pl\/wp-content\/uploads\/2023\/06\/final1.webp 500w, https:\/\/szkola.2lo.pl\/wp-content\/uploads\/2023\/06\/final1-300x225.webp 300w\" sizes=\"auto, (max-width: 500px) 100vw, 500px\" \/><\/figure>\n<\/figure>\n","protected":false},"excerpt":{"rendered":"<p>We wtorek 13 czerwca w internacie Zespo\u0142u Szk\u00f3\u0142 Nr 1 odby\u0142a si\u0119 kolejna edycja Wielkiego Interdyscyplinarnego Quizu &#8222;1 z 5&#8221;. Tym razem w [&hellip;]<\/p>\n","protected":false},"author":1,"featured_media":4660,"comment_status":"closed","ping_status":"closed","sticky":false,"template":"","format":"standard","meta":{"footnotes":""},"categories":[3],"tags":[],"class_list":["post-4659","post","type-post","status-publish","format-standard","has-post-thumbnail","hentry","category-ogloszenie"],"_links":{"self":[{"href":"https:\/\/szkola.2lo.pl\/index.php\/wp-json\/wp\/v2\/posts\/4659","targetHints":{"allow":["GET"]}}],"collection":[{"href":"https:\/\/szkola.2lo.pl\/index.php\/wp-json\/wp\/v2\/posts"}],"about":[{"href":"https:\/\/szkola.2lo.pl\/index.php\/wp-json\/wp\/v2\/types\/post"}],"author":[{"embeddable":true,"href":"https:\/\/szkola.2lo.pl\/index.php\/wp-json\/wp\/v2\/users\/1"}],"replies":[{"embeddable":true,"href":"https:\/\/szkola.2lo.pl\/index.php\/wp-json\/wp\/v2\/comments?post=4659"}],"version-history":[{"count":1,"href":"https:\/\/szkola.2lo.pl\/index.php\/wp-json\/wp\/v2\/posts\/4659\/revisions"}],"predecessor-version":[{"id":4664,"href":"https:\/\/szkola.2lo.pl\/index.php\/wp-json\/wp\/v2\/posts\/4659\/revisions\/4664"}],"wp:featuredmedia":[{"embeddable":true,"href":"https:\/\/szkola.2lo.pl\/index.php\/wp-json\/wp\/v2\/media\/4660"}],"wp:attachment":[{"href":"https:\/\/szkola.2lo.pl\/index.php\/wp-json\/wp\/v2\/media?parent=4659"}],"wp:term":[{"taxonomy":"category","embeddable":true,"href":"https:\/\/szkola.2lo.pl\/index.php\/wp-json\/wp\/v2\/categories?post=4659"},{"taxonomy":"post_tag","embeddable":true,"href":"https:\/\/szkola.2lo.pl\/index.php\/wp-json\/wp\/v2\/tags?post=4659"}],"curies":[{"name":"wp","href":"https:\/\/api.w.org\/{rel}","templated":true}]}}