{"id":5224,"date":"2023-09-27T09:17:30","date_gmt":"2023-09-27T07:17:30","guid":{"rendered":"https:\/\/szkola.2lo.pl\/?p=5224"},"modified":"2023-10-26T17:54:32","modified_gmt":"2023-10-26T15:54:32","slug":"art-camp-2023","status":"publish","type":"post","link":"https:\/\/szkola.2lo.pl\/index.php\/2023\/09\/27\/art-camp-2023\/","title":{"rendered":"Art Camp 2023"},"content":{"rendered":"\n<p>W dniach 17-23.09.2023 grupa uczni\u00f3w naszej szko\u0142y wraz z opiekunkami: panem Jackiem Kawa\u0142kiem i pani\u0105 Karolin\u0105 von Mallek uczestniczy\u0142a w 9. edycji warsztat\u00f3w artystycznych Art Camp w Berlinie. Organizatorem spotkania by\u0142a szko\u0142a partnerska Jugendkunstschule Pankow. Nasi uczniowie wraz z m\u0142odzie\u017c\u0105 niemieck\u0105 pracowali podczas tygodniowych warsztat\u00f3w pod okiem profesjonalnych instruktor\u00f3w, tworz\u0105c film, przygotowuj\u0105c przedstawienie teatralne a tak\u017ce pracuj\u0105c nad modelem 3D starej kamienicy w Berlinie. W czasie projektu uczestnicy mieli r\u00f3wnie\u017c okazj\u0119 zwiedzi\u0107 stolic\u0119 Niemiec uczestnicz\u0105c w Berlin Art Week oraz pod\u0105\u017ca\u0107 \u015bladami sztuki ulicznej podczas wycieczki rowerowej z przewodnikiem. Warsztaty zako\u0144czy\u0142y si\u0119 oficjaln\u0105 prezentacj\u0105 wynik\u00f3w wsp\u00f3lnej pracy, a m\u0142odzi arty\u015bci zebrali wiele gratulacji i pochwa\u0142 od zgromadzonej w Jugendkunstschule publiczno\u015bci.&nbsp;Fotorelacj\u0119 z tego wydarzenia obejrze\u0107 mo\u017cna na naszym szkolnym facebookowym profilu. Koordynatorem wyjazdu by\u0142a nauczycielka j\u0119zyka niemieckiego, pani Justyna Dzi\u0119dziura.&nbsp;<\/p>\n\n\n\n<p><strong>Projekt by\u0142 wsp\u00f3\u0142finasowany ze \u015brodk\u00f3w Polsko \u2013 Niemieckiej Wsp\u00f3\u0142pracy M\u0142odzie\u017cy, Powiatu Ko\u0142obrzeskiego i Rady Rodzic\u00f3w w ZS Nr 1 im. H. Sienkiewicza.<\/strong><\/p>\n","protected":false},"excerpt":{"rendered":"<p>Projekt by\u0142 wsp\u00f3\u0142finasowany ze \u015brodk\u00f3w Polsko \u2013 Niemieckiej Wsp\u00f3\u0142pracy M\u0142odzie\u017cy, Powiatu Ko\u0142obrzeskiego i Rady Rodzic\u00f3w w ZS Nr 1 im. H. Sienkiewicza.<\/p>\n","protected":false},"author":1,"featured_media":5225,"comment_status":"closed","ping_status":"closed","sticky":false,"template":"","format":"standard","meta":{"footnotes":""},"categories":[3],"tags":[],"class_list":["post-5224","post","type-post","status-publish","format-standard","has-post-thumbnail","hentry","category-ogloszenie"],"_links":{"self":[{"href":"https:\/\/szkola.2lo.pl\/index.php\/wp-json\/wp\/v2\/posts\/5224","targetHints":{"allow":["GET"]}}],"collection":[{"href":"https:\/\/szkola.2lo.pl\/index.php\/wp-json\/wp\/v2\/posts"}],"about":[{"href":"https:\/\/szkola.2lo.pl\/index.php\/wp-json\/wp\/v2\/types\/post"}],"author":[{"embeddable":true,"href":"https:\/\/szkola.2lo.pl\/index.php\/wp-json\/wp\/v2\/users\/1"}],"replies":[{"embeddable":true,"href":"https:\/\/szkola.2lo.pl\/index.php\/wp-json\/wp\/v2\/comments?post=5224"}],"version-history":[{"count":3,"href":"https:\/\/szkola.2lo.pl\/index.php\/wp-json\/wp\/v2\/posts\/5224\/revisions"}],"predecessor-version":[{"id":5228,"href":"https:\/\/szkola.2lo.pl\/index.php\/wp-json\/wp\/v2\/posts\/5224\/revisions\/5228"}],"wp:featuredmedia":[{"embeddable":true,"href":"https:\/\/szkola.2lo.pl\/index.php\/wp-json\/wp\/v2\/media\/5225"}],"wp:attachment":[{"href":"https:\/\/szkola.2lo.pl\/index.php\/wp-json\/wp\/v2\/media?parent=5224"}],"wp:term":[{"taxonomy":"category","embeddable":true,"href":"https:\/\/szkola.2lo.pl\/index.php\/wp-json\/wp\/v2\/categories?post=5224"},{"taxonomy":"post_tag","embeddable":true,"href":"https:\/\/szkola.2lo.pl\/index.php\/wp-json\/wp\/v2\/tags?post=5224"}],"curies":[{"name":"wp","href":"https:\/\/api.w.org\/{rel}","templated":true}]}}