{"id":5325,"date":"2023-10-27T22:45:57","date_gmt":"2023-10-27T20:45:57","guid":{"rendered":"https:\/\/szkola.2lo.pl\/?p=5325"},"modified":"2023-11-05T16:40:51","modified_gmt":"2023-11-05T15:40:51","slug":"listy-uczniow-szkol-podstawowych-powiatu-kolobrzeskiego-zakwalifikowanych","status":"publish","type":"post","link":"https:\/\/szkola.2lo.pl\/index.php\/2023\/10\/27\/listy-uczniow-szkol-podstawowych-powiatu-kolobrzeskiego-zakwalifikowanych\/","title":{"rendered":"LISTY UCZNI\u00d3W SZK\u00d3\u0141 PODSTAWOWYCH POWIATU KO\u0141OBRZESKIEGO ZAKWALIFIKOWANYCH"},"content":{"rendered":"\n<p class=\"has-primary-color has-text-color\"><strong>DO ETAPU REJONOWEGO KONKURS\u00d3W PRZEDMIOTOWYCH ORGANIZOWANYCH PRZEZ ZACHODNIOPOMORSKIEGO KURATORA O\u015aWIATY<\/strong><\/p>\n\n\n\n<h4 class=\"wp-block-heading\"><strong>Listy uczni\u00f3w zakwalifikowanych do etapu rejonowego z poszczeg\u00f3lnych konkurs\u00f3w przedmiotowych:<\/strong><\/h4>\n\n\n\n<h4 class=\"wp-block-heading\"> Konkurs z biologii <\/h4>\n\n\n\n<div class=\"wp-block-file\"><a id=\"wp-block-file--media-a779c71f-fb83-46b8-be0d-baa59f393b4b\" href=\"https:\/\/szkola.2lo.pl\/wp-content\/uploads\/2023\/10\/biologia-lista-uczniow-zakwalifikowanych-2023.pdf\" target=\"_blank\" rel=\"noreferrer noopener\">biologia-lista-uczniow-zakwalifikowanych-2023<\/a><\/div>\n\n\n\n<h4 class=\"wp-block-heading\">Konkurs z chemii <\/h4>\n\n\n\n<div class=\"wp-block-file\"><a id=\"wp-block-file--media-a12a39aa-49bf-4f77-acf6-569ea536709e\" href=\"https:\/\/szkola.2lo.pl\/wp-content\/uploads\/2023\/10\/chemia-lista-uczniow-zakwalifikowanych.pdf\" target=\"_blank\" rel=\"noreferrer noopener\">chemia-lista-uczniow-zakwalifikowanych<\/a><\/div>\n\n\n\n<h4 class=\"wp-block-heading\">Konkurs z historii <\/h4>\n\n\n\n<div class=\"wp-block-file\"><a id=\"wp-block-file--media-c13d3f05-3629-436f-a118-3fb5bed4723c\" href=\"https:\/\/szkola.2lo.pl\/wp-content\/uploads\/2023\/10\/historia-lista-uczniow-zakwalifikowanych.pdf\" target=\"_blank\" rel=\"noreferrer noopener\">historia-lista-uczniow-zakwalifikowanych<\/a><\/div>\n\n\n\n<h4 class=\"wp-block-heading\">Konkurs z j\u0119zyka angielskiego<\/h4>\n\n\n\n<div class=\"wp-block-file\"><a id=\"wp-block-file--media-85deefc9-dce4-49fa-83ed-5f55589605c6\" href=\"https:\/\/szkola.2lo.pl\/wp-content\/uploads\/2023\/10\/jezyk-angielski-lista-uczniow-zakwalifikowanych-do-etapu-rejonowegoi.pdf\" target=\"_blank\" rel=\"noreferrer noopener\">jezyk-angielski-lista-uczniow-zakwalifikowanych-do-etapu-rejonowegoi<\/a><\/div>\n\n\n\n<h4 class=\"wp-block-heading\">Konkurs z fizyki <\/h4>\n\n\n\n<div class=\"wp-block-file\"><a id=\"wp-block-file--media-2279af25-0012-41d5-b3e5-bf059246c84a\" href=\"https:\/\/szkola.2lo.pl\/wp-content\/uploads\/2023\/10\/fizyka-lista-uczniow-zakwalifikowanych.pdf\" target=\"_blank\" rel=\"noreferrer noopener\">fizyka-lista-uczniow-zakwalifikowanych<\/a><\/div>\n\n\n<p><span style=\"color: #800000;\"><strong>W razie ewentualnych b\u0142\u0119d\u00f3w dotycz\u0105cych danych uczestnik\u00f3w konkurs\u00f3w prosimy o kontakt z p. Joann\u0105 \u0141ukaszewicz: j.lukaszewicz@2lo.pl; tel. 570 380 758<\/strong><\/span><\/p>","protected":false},"excerpt":{"rendered":"<p>DO ETAPU REJONOWEGO KONKURS\u00d3W PRZEDMIOTOWYCH ORGANIZOWANYCH PRZEZ ZACHODNIOPOMORSKIEGO KURATORA O\u015aWIATY Listy uczni\u00f3w zakwalifikowanych do etapu rejonowego z poszczeg\u00f3lnych konkurs\u00f3w przedmiotowych: Konkurs z biologii [&hellip;]<\/p>\n","protected":false},"author":1,"featured_media":0,"comment_status":"closed","ping_status":"closed","sticky":false,"template":"","format":"standard","meta":{"footnotes":""},"categories":[2],"tags":[],"class_list":["post-5325","post","type-post","status-publish","format-standard","hentry","category-komunikaty"],"_links":{"self":[{"href":"https:\/\/szkola.2lo.pl\/index.php\/wp-json\/wp\/v2\/posts\/5325","targetHints":{"allow":["GET"]}}],"collection":[{"href":"https:\/\/szkola.2lo.pl\/index.php\/wp-json\/wp\/v2\/posts"}],"about":[{"href":"https:\/\/szkola.2lo.pl\/index.php\/wp-json\/wp\/v2\/types\/post"}],"author":[{"embeddable":true,"href":"https:\/\/szkola.2lo.pl\/index.php\/wp-json\/wp\/v2\/users\/1"}],"replies":[{"embeddable":true,"href":"https:\/\/szkola.2lo.pl\/index.php\/wp-json\/wp\/v2\/comments?post=5325"}],"version-history":[{"count":3,"href":"https:\/\/szkola.2lo.pl\/index.php\/wp-json\/wp\/v2\/posts\/5325\/revisions"}],"predecessor-version":[{"id":5338,"href":"https:\/\/szkola.2lo.pl\/index.php\/wp-json\/wp\/v2\/posts\/5325\/revisions\/5338"}],"wp:attachment":[{"href":"https:\/\/szkola.2lo.pl\/index.php\/wp-json\/wp\/v2\/media?parent=5325"}],"wp:term":[{"taxonomy":"category","embeddable":true,"href":"https:\/\/szkola.2lo.pl\/index.php\/wp-json\/wp\/v2\/categories?post=5325"},{"taxonomy":"post_tag","embeddable":true,"href":"https:\/\/szkola.2lo.pl\/index.php\/wp-json\/wp\/v2\/tags?post=5325"}],"curies":[{"name":"wp","href":"https:\/\/api.w.org\/{rel}","templated":true}]}}