{"id":5348,"date":"2023-11-09T14:36:16","date_gmt":"2023-11-09T13:36:16","guid":{"rendered":"https:\/\/szkola.2lo.pl\/?p=5348"},"modified":"2023-11-10T14:32:33","modified_gmt":"2023-11-10T13:32:33","slug":"szkolny-konkurs-mam-talent","status":"publish","type":"post","link":"https:\/\/szkola.2lo.pl\/index.php\/2023\/11\/09\/szkolny-konkurs-mam-talent\/","title":{"rendered":"SZKOLNY KONKURS \u201eMAM TALENT\u201d"},"content":{"rendered":"<p><strong>Dyrekcja i Nauczyciele <\/strong><strong>Zespo\u0142u Szk\u00f3\u0142 Nr 1 im. Henryka Sienkiewicza <\/strong><strong>w Ko\u0142obrzegu <\/strong>maj\u0105 zaszczyt zaprosi\u0107 do udzia\u0142u w konkursie <strong>\u201eMAM TALENT\u201d <\/strong>organizowany przez Zesp\u00f3\u0142 Szk\u00f3\u0142 Nr 1 Henryka Sienkiewicza w Ko\u0142obrzegu pod patronatem <strong>STAROSTY KO\u0141OBRZESKIEGO <\/strong><\/p>\n<p>Rejestracja na eliminacje odbywa si\u0119 poprzez pisemny formularz zg\u0142oszeniowy do 25 listopada 2023r.<\/p>\n<p><strong><em>Szczeg\u00f3\u0142y w regulaminie konkursu<\/em><\/strong><\/p>\n\n\n<div class=\"wp-block-file\"><a id=\"wp-block-file--media-9219e1f6-0667-42fa-b4c6-abdcd6ddd82e\" href=\"https:\/\/szkola.2lo.pl\/wp-content\/uploads\/2023\/11\/Regulamin-konkursu-MAM-TALENT.pdf\" target=\"_blank\" rel=\"noreferrer noopener\">Regulamin-konkursu-MAM-TALENT<\/a><\/div>\n","protected":false},"excerpt":{"rendered":"<p>Dyrekcja i Nauczyciele Zespo\u0142u Szk\u00f3\u0142 Nr 1 im. Henryka Sienkiewicza w Ko\u0142obrzegu maj\u0105 zaszczyt zaprosi\u0107 do udzia\u0142u w konkursie \u201eMAM TALENT\u201d organizowany przez [&hellip;]<\/p>\n","protected":false},"author":1,"featured_media":5350,"comment_status":"closed","ping_status":"closed","sticky":false,"template":"","format":"standard","meta":{"footnotes":""},"categories":[3],"tags":[],"class_list":["post-5348","post","type-post","status-publish","format-standard","has-post-thumbnail","hentry","category-ogloszenie"],"_links":{"self":[{"href":"https:\/\/szkola.2lo.pl\/index.php\/wp-json\/wp\/v2\/posts\/5348","targetHints":{"allow":["GET"]}}],"collection":[{"href":"https:\/\/szkola.2lo.pl\/index.php\/wp-json\/wp\/v2\/posts"}],"about":[{"href":"https:\/\/szkola.2lo.pl\/index.php\/wp-json\/wp\/v2\/types\/post"}],"author":[{"embeddable":true,"href":"https:\/\/szkola.2lo.pl\/index.php\/wp-json\/wp\/v2\/users\/1"}],"replies":[{"embeddable":true,"href":"https:\/\/szkola.2lo.pl\/index.php\/wp-json\/wp\/v2\/comments?post=5348"}],"version-history":[{"count":1,"href":"https:\/\/szkola.2lo.pl\/index.php\/wp-json\/wp\/v2\/posts\/5348\/revisions"}],"predecessor-version":[{"id":5351,"href":"https:\/\/szkola.2lo.pl\/index.php\/wp-json\/wp\/v2\/posts\/5348\/revisions\/5351"}],"wp:featuredmedia":[{"embeddable":true,"href":"https:\/\/szkola.2lo.pl\/index.php\/wp-json\/wp\/v2\/media\/5350"}],"wp:attachment":[{"href":"https:\/\/szkola.2lo.pl\/index.php\/wp-json\/wp\/v2\/media?parent=5348"}],"wp:term":[{"taxonomy":"category","embeddable":true,"href":"https:\/\/szkola.2lo.pl\/index.php\/wp-json\/wp\/v2\/categories?post=5348"},{"taxonomy":"post_tag","embeddable":true,"href":"https:\/\/szkola.2lo.pl\/index.php\/wp-json\/wp\/v2\/tags?post=5348"}],"curies":[{"name":"wp","href":"https:\/\/api.w.org\/{rel}","templated":true}]}}