{"id":5381,"date":"2023-11-29T09:44:32","date_gmt":"2023-11-29T08:44:32","guid":{"rendered":"https:\/\/szkola.2lo.pl\/?p=5381"},"modified":"2023-11-30T09:08:42","modified_gmt":"2023-11-30T08:08:42","slug":"sienkiewicz-laureatem-konkursu-zielone-laboratorium-lafarge","status":"publish","type":"post","link":"https:\/\/szkola.2lo.pl\/index.php\/2023\/11\/29\/sienkiewicz-laureatem-konkursu-zielone-laboratorium-lafarge\/","title":{"rendered":"Sienkiewicz laureatem konkursu \u201eZielone laboratorium Lafarge\u201d!"},"content":{"rendered":"\n<p>Uczniowie klasy III D o profilu bilogiczno \u2013 chemicznym pod kierunkiem Pani Joanny \u0141ukaszewicz zdobyli pierwsze miejsce w og\u00f3lnopolskim konkursie ekologicznym zorganizowanym przez Fundacj\u0119 Lafarge WSP\u00d3LNIE. Do konkursu zg\u0142oszono 139 prac z ca\u0142ej Polski. Wymogiem projektu by\u0142o przeprowadzenie lekcji na wybrany temat zwi\u0105zany z ochron\u0105 \u015brodowiska, wykonanie do\u015bwiadcze\u0144 oraz przygotowanie fotorelacji z jego przebiegu. Mateusz Ciesielski i Piotr Ziomek z Sienkiewicz TV jak zwykle spisali si\u0119 rewelacyjnie. Ich materia\u0142 jednog\u0142o\u015bnie zdoby\u0142 aprobat\u0119 komisji konkursowej i w znacznym stopniu przyczyni\u0142 si\u0119 do zdobycia g\u0142\u00f3wnej nagrody, kt\u00f3r\u0105 jest bon dla szko\u0142y o warto\u015bci 2 000 z\u0142. Wszyscy uczniowie otrzymali butelki filtruj\u0105ce oraz oceny celuj\u0105ce z biologii. Nauczyciel r\u00f3wnie\u017c otrzyma\u0142 podzi\u0119kowanie w formie bonu podarunkowego do EMPIKu. Jeste\u015bmy pozytywnie na\u0142adowani i gotowi do kolejnych wyzwa\u0144 . Aby obejrze\u0107 videorelacj\u0119 kliknijcie: <a href=\"https:\/\/youtu.be\/KHU2in44znc; https:\/\/szkola.2lo.pl\/index.php\/2023\/11\/17\/konkurs-zielone-laboratorium-lafarge\/\">https:\/\/youtu.be\/KHU2in44znc; https:\/\/szkola.2lo.pl\/index.php\/2023\/11\/17\/konkurs-zielone-laboratorium-lafarge\/<\/a><\/p>\n\n\n\n<figure class=\"wp-block-gallery has-nested-images columns-default is-cropped wp-block-gallery-1 is-layout-flex wp-block-gallery-is-layout-flex\">\n<figure class=\"wp-block-image size-large\"><img loading=\"lazy\" decoding=\"async\" width=\"450\" height=\"600\" data-id=\"5384\" src=\"https:\/\/szkola.2lo.pl\/wp-content\/uploads\/2023\/11\/dyp1.webp\" alt=\"\" class=\"wp-image-5384\" srcset=\"https:\/\/szkola.2lo.pl\/wp-content\/uploads\/2023\/11\/dyp1.webp 450w, https:\/\/szkola.2lo.pl\/wp-content\/uploads\/2023\/11\/dyp1-225x300.webp 225w\" sizes=\"auto, (max-width: 450px) 100vw, 450px\" \/><\/figure>\n\n\n\n<figure class=\"wp-block-image size-large\"><img loading=\"lazy\" decoding=\"async\" width=\"400\" height=\"533\" data-id=\"5382\" src=\"https:\/\/szkola.2lo.pl\/wp-content\/uploads\/2023\/11\/kon2.webp\" alt=\"\" class=\"wp-image-5382\" srcset=\"https:\/\/szkola.2lo.pl\/wp-content\/uploads\/2023\/11\/kon2.webp 400w, https:\/\/szkola.2lo.pl\/wp-content\/uploads\/2023\/11\/kon2-225x300.webp 225w\" sizes=\"auto, (max-width: 400px) 100vw, 400px\" \/><\/figure>\n\n\n\n<figure class=\"wp-block-image size-large\"><img loading=\"lazy\" decoding=\"async\" width=\"450\" height=\"600\" data-id=\"5383\" src=\"https:\/\/szkola.2lo.pl\/wp-content\/uploads\/2023\/11\/dyplom2.webp\" alt=\"\" class=\"wp-image-5383\" srcset=\"https:\/\/szkola.2lo.pl\/wp-content\/uploads\/2023\/11\/dyplom2.webp 450w, https:\/\/szkola.2lo.pl\/wp-content\/uploads\/2023\/11\/dyplom2-225x300.webp 225w\" sizes=\"auto, (max-width: 450px) 100vw, 450px\" \/><\/figure>\n<\/figure>\n","protected":false},"excerpt":{"rendered":"<p>Uczniowie klasy III D o profilu bilogiczno \u2013 chemicznym pod kierunkiem Pani Joanny \u0141ukaszewicz zdobyli pierwsze miejsce w og\u00f3lnopolskim konkursie ekologicznym zorganizowanym przez [&hellip;]<\/p>\n","protected":false},"author":1,"featured_media":5385,"comment_status":"closed","ping_status":"closed","sticky":false,"template":"","format":"standard","meta":{"footnotes":""},"categories":[3],"tags":[],"class_list":["post-5381","post","type-post","status-publish","format-standard","has-post-thumbnail","hentry","category-ogloszenie"],"_links":{"self":[{"href":"https:\/\/szkola.2lo.pl\/index.php\/wp-json\/wp\/v2\/posts\/5381","targetHints":{"allow":["GET"]}}],"collection":[{"href":"https:\/\/szkola.2lo.pl\/index.php\/wp-json\/wp\/v2\/posts"}],"about":[{"href":"https:\/\/szkola.2lo.pl\/index.php\/wp-json\/wp\/v2\/types\/post"}],"author":[{"embeddable":true,"href":"https:\/\/szkola.2lo.pl\/index.php\/wp-json\/wp\/v2\/users\/1"}],"replies":[{"embeddable":true,"href":"https:\/\/szkola.2lo.pl\/index.php\/wp-json\/wp\/v2\/comments?post=5381"}],"version-history":[{"count":1,"href":"https:\/\/szkola.2lo.pl\/index.php\/wp-json\/wp\/v2\/posts\/5381\/revisions"}],"predecessor-version":[{"id":5386,"href":"https:\/\/szkola.2lo.pl\/index.php\/wp-json\/wp\/v2\/posts\/5381\/revisions\/5386"}],"wp:featuredmedia":[{"embeddable":true,"href":"https:\/\/szkola.2lo.pl\/index.php\/wp-json\/wp\/v2\/media\/5385"}],"wp:attachment":[{"href":"https:\/\/szkola.2lo.pl\/index.php\/wp-json\/wp\/v2\/media?parent=5381"}],"wp:term":[{"taxonomy":"category","embeddable":true,"href":"https:\/\/szkola.2lo.pl\/index.php\/wp-json\/wp\/v2\/categories?post=5381"},{"taxonomy":"post_tag","embeddable":true,"href":"https:\/\/szkola.2lo.pl\/index.php\/wp-json\/wp\/v2\/tags?post=5381"}],"curies":[{"name":"wp","href":"https:\/\/api.w.org\/{rel}","templated":true}]}}