{"id":5387,"date":"2023-11-30T09:08:17","date_gmt":"2023-11-30T08:08:17","guid":{"rendered":"https:\/\/szkola.2lo.pl\/?p=5387"},"modified":"2024-05-08T18:02:19","modified_gmt":"2024-05-08T16:02:19","slug":"x-olimpiada-wiedzy-o-mediach","status":"publish","type":"post","link":"https:\/\/szkola.2lo.pl\/index.php\/2023\/11\/30\/x-olimpiada-wiedzy-o-mediach\/","title":{"rendered":"X Olimpiada Wiedzy o Mediach"},"content":{"rendered":"\n<p>Z dum\u0105 informujemy, \u017ce do etapu wojew\u00f3dzkiego X Olimpiady Wiedzy o Mediach zakwalifikowa\u0142y si\u0119 cztery uczennice naszej szko\u0142y: Amelia Borecka, Aniela Sosnowska, Weronika Zych oraz Marta Maksymowicz. Opiekunami grupy s\u0105 pani Alicja Stok\u0142osa i pan Piotr Grabowski. Serdecznie gratulujemy.<\/p>\n","protected":false},"excerpt":{"rendered":"<p>X Olimpiada Wiedzy o Mediach 2024<\/p>\n","protected":false},"author":1,"featured_media":5391,"comment_status":"closed","ping_status":"closed","sticky":false,"template":"","format":"standard","meta":{"footnotes":""},"categories":[3],"tags":[],"class_list":["post-5387","post","type-post","status-publish","format-standard","has-post-thumbnail","hentry","category-ogloszenie"],"_links":{"self":[{"href":"https:\/\/szkola.2lo.pl\/index.php\/wp-json\/wp\/v2\/posts\/5387","targetHints":{"allow":["GET"]}}],"collection":[{"href":"https:\/\/szkola.2lo.pl\/index.php\/wp-json\/wp\/v2\/posts"}],"about":[{"href":"https:\/\/szkola.2lo.pl\/index.php\/wp-json\/wp\/v2\/types\/post"}],"author":[{"embeddable":true,"href":"https:\/\/szkola.2lo.pl\/index.php\/wp-json\/wp\/v2\/users\/1"}],"replies":[{"embeddable":true,"href":"https:\/\/szkola.2lo.pl\/index.php\/wp-json\/wp\/v2\/comments?post=5387"}],"version-history":[{"count":2,"href":"https:\/\/szkola.2lo.pl\/index.php\/wp-json\/wp\/v2\/posts\/5387\/revisions"}],"predecessor-version":[{"id":5528,"href":"https:\/\/szkola.2lo.pl\/index.php\/wp-json\/wp\/v2\/posts\/5387\/revisions\/5528"}],"wp:featuredmedia":[{"embeddable":true,"href":"https:\/\/szkola.2lo.pl\/index.php\/wp-json\/wp\/v2\/media\/5391"}],"wp:attachment":[{"href":"https:\/\/szkola.2lo.pl\/index.php\/wp-json\/wp\/v2\/media?parent=5387"}],"wp:term":[{"taxonomy":"category","embeddable":true,"href":"https:\/\/szkola.2lo.pl\/index.php\/wp-json\/wp\/v2\/categories?post=5387"},{"taxonomy":"post_tag","embeddable":true,"href":"https:\/\/szkola.2lo.pl\/index.php\/wp-json\/wp\/v2\/tags?post=5387"}],"curies":[{"name":"wp","href":"https:\/\/api.w.org\/{rel}","templated":true}]}}