{"id":5413,"date":"2023-12-11T11:56:19","date_gmt":"2023-12-11T10:56:19","guid":{"rendered":"https:\/\/szkola.2lo.pl\/?p=5413"},"modified":"2023-12-14T12:28:33","modified_gmt":"2023-12-14T11:28:33","slug":"procedury-bezpieczenstwa-w-zakresie-profilaktyki-zdrowia-w-zespole-szkol-nr-1-im-h-sienkiewicza-w-kolobrzegu","status":"publish","type":"post","link":"https:\/\/szkola.2lo.pl\/index.php\/2023\/12\/11\/procedury-bezpieczenstwa-w-zakresie-profilaktyki-zdrowia-w-zespole-szkol-nr-1-im-h-sienkiewicza-w-kolobrzegu\/","title":{"rendered":"Procedury bezpiecze\u0144stwa w zakresie profilaktyki zdrowia w Zespole Szk\u00f3\u0142 Nr 1 im. H. Sienkiewicza w Ko\u0142obrzegu"},"content":{"rendered":"<p><span style=\"color: #800000;\"><strong>CEL PROCEDURY<\/strong><\/span><\/p>\n<p>Procedura ma na celu ochron\u0119 zdrowia i \u017cycia wszystkich pracownik\u00f3w oraz uczni\u00f3w, ich rodzic\u00f3w\/prawnych opiekun\u00f3w.<\/p>\n<p><span style=\"color: #000080;\"><strong style=\"font-size: var(--wp--custom--typography--font-size--text); background-color: var(--wp--preset--color--white); font-family: var(--wp--preset--font-family--raleway);\">I. ZASADY OG\u00d3LNE<\/strong><\/span><\/p>\n<ol>\n<li>Na terenie szko\u0142y mog\u0105 przebywa\u0107 wy\u0142\u0105cznie osoby (uczniowie, pracownicy, rodzice, interesanci i inne) bez objaw\u00f3w infekcji lub choroby zaka\u017anej.<\/li>\n<li>Rodzice s\u0105 odpowiedzialni za kontrolowanie stanu zdrowotnego swoich dzieci, stosowanie si\u0119 do zalece\u0144 lekarskich i sanitarnych (w przypadku uczni\u00f3w chorych lub z podejrzeniem choroby nale\u017cy pozostawi\u0107 dziecko w domu).<\/li>\n<li>Na terenie szko\u0142y wszystkich obowi\u0105zuje przestrzeganie standard\u00f3w higienicznych tj. cz\u0119ste mycie i dezynfekowanie r\u0105k (po ka\u017cdym wej\u015bciu do szko\u0142y i korzystaniu z toalety), ochrona podczas kichania i kaszlu oraz unikanie dotykania oczu, nosa i ust.<\/li>\n<li>Przy wej\u015bciu do szko\u0142y \u00a0i w toaletach umieszczone s\u0105 pojemniki z p\u0142ynem do dezynfekcji r\u0105k.<\/li>\n<li>Ka\u017cda osoba, w miar\u0119 mo\u017cliwo\u015bci, powinna zachowa\u0107 dystans spo\u0142eczny i korzysta\u0107 z w\u0142asnych materia\u0142\u00f3w i przybor\u00f3w.<\/li>\n<li>Wszystkie pomieszczenia szko\u0142y s\u0105 wietrzone co godzin\u0119.<\/li>\n<li>Ograniczeniu do niezb\u0119dnego minimum podlega przebywanie w szkole os\u00f3b z zewn\u0105trz.<\/li>\n<li>W gabinecie profilaktyki obowi\u0105zuj\u0105 procedury ochrony zdrowia. Za przestrzeganie procedur odpowiada piel\u0119gniarka szkolna.<\/li>\n<li>W przypadku wyst\u0105pienia u ucznia niepokoj\u0105cych objaw\u00f3w, pomiaru temperatury termometrem bezdotykowym dokonuje piel\u0119gniarka szkolna.<\/li>\n<li>Ucze\u0144, u kt\u00f3rego stwierdzono podejrzenie infekcji lub choroby zaka\u017anej zostaje odizolowany od pozosta\u0142ych os\u00f3b, wychowawca lub pedagog szkolny zawiadamia rodzic\u00f3w\/opiekun\u00f3w prawnych\u00a0 \u00a0 \u00a0 \u00a0o zaistnia\u0142ym fakcie i konieczno\u015bci odebrania dziecka ze szko\u0142y.<\/li>\n<li>Podstawow\u0105 \u015bcie\u017ck\u0105 informowania i kontaktu z rodzicami, nauczycielami oraz uczniami (poza zaj\u0119ciami szkolnymi) jest dziennik Librus oraz kontakt telefoniczny.<\/li>\n<li>Rodzice s\u0105 zobowi\u0105zani do udost\u0119pnienia aktualnego numeru telefonu i adresu mailowego. Dodatkowym sposobem kontaktu z nauczycielami jest mail s\u0142u\u017cbowy, a z rodzicami &#8211; strona internetowa szko\u0142y.<\/li>\n<li>Zobowi\u0105zuje si\u0119 wszystkich (pracownik\u00f3w, rodzic\u00f3w, uczni\u00f3w) do bie\u017c\u0105cego monitorowania wymienionych \u017ar\u00f3de\u0142 kontaktu.<\/li>\n<\/ol>\n<p><span style=\"color: #000080;\"><strong>II. PRACA ADMINISTRACJI SZKOLNEJ<\/strong><\/span><\/p>\n<ol>\n<li>W sprawach wymagaj\u0105cych kontaktu interesant\u00f3w z pracownikami administracji, w miar\u0119 mo\u017cliwo\u015bci nale\u017cy ten kontakt ograniczy\u0107.<\/li>\n<li>Bie\u017c\u0105ce sprawy przyjmowane b\u0119d\u0105 przez pracownik\u00f3w administracji poprzez kontakt telefoniczny, mailowy oraz za po\u015brednictwem dziennika elektronicznego.<\/li>\n<\/ol>\n<p><span style=\"color: #000080;\"><strong>III. OBOWI\u0104ZKI DYREKTORA SZKO\u0141Y<\/strong><\/span><\/p>\n<ol>\n<li>Ustala i dostosowuje procedury bezpiecze\u0144stwa zdrowotnego obowi\u0105zuj\u0105ce w plac\u00f3wce.<\/li>\n<li>Zapewnia p\u0142yn do dezynfekcji r\u0105k przy wej\u015bciu szko\u0142y.<\/li>\n<li>Umieszcza w widocznym miejscu instrukcje z zasadami prawid\u0142owego mycia i dezynfekowania r\u0105k.<\/li>\n<li>Informuje nauczycieli i innych pracownik\u00f3w szko\u0142y o, w miar\u0119 mo\u017cliwo\u015bci, konieczno\u015bci zachowywania dystansu spo\u0142ecznego, w ka\u017cdej przestrzeni szko\u0142y.<\/li>\n<li>Przekazuje rodzicom informacje o procedurach bezpiecze\u0144stwa zdrowotnego obowi\u0105zuj\u0105cych w szkole, poprzez umieszczenie ich na stronie internetowej szko\u0142y.<\/li>\n<\/ol>\n<p><span style=\"color: #000080;\"><strong>IV. PRACOWNICY ADMINISTRACJI<\/strong><\/span><\/p>\n<ol>\n<li>Pracownika administracji obowi\u0105zuj\u0105 og\u00f3lne zasady higieny: cz\u0119ste mycie r\u0105k, ochrona podczas kichania i kaszlu oraz unikanie dotykania oczu, nosa i ust.<\/li>\n<li>Rekomenduje si\u0119 ograniczenie kontakt\u00f3w z uczniami oraz nauczycielami (os\u0142ona stanowiska pracy).<\/li>\n<li>Raz na godzin\u0119 pracownik wietrzy pomieszczenie, w kt\u00f3rym pracuje.<\/li>\n<li>Dba o zachowanie bezpiecznego dystansu spo\u0142ecznego.<\/li>\n<li>Do pracy mo\u017ce przychodzi\u0107 jedynie osoba bez objaw\u00f3w infekcji lub choroby zaka\u017anej.<\/li>\n<li>W przypadku wyst\u0105pienia u pracownika b\u0119d\u0105cego na stanowisku pracy objaw\u00f3w choroby zaka\u017anej, zaleca si\u0119 noszenie maseczki i konsultacj\u0119 lekarsk\u0105.<\/li>\n<\/ol>\n<p><span style=\"color: #000080;\"><strong style=\"font-size: var(--wp--custom--typography--font-size--text); background-color: var(--wp--preset--color--white); font-family: var(--wp--preset--font-family--raleway);\">V. PRACOWNICY OBS\u0141UGI<\/strong><\/span><\/p>\n<ol>\n<li>Pracownika obowi\u0105zuj\u0105 og\u00f3lne zasady higieny: cz\u0119ste mycie r\u0105k, ochrona podczas kichania i kaszlu oraz unikanie dotykania oczu, nosa i ust.<\/li>\n<li>Wykonuje prace zgodnie z harmonogramem, zachowuj\u0105c dystans spo\u0142eczny.<\/li>\n<li>Powierzchnie dotykowe w tym biurka, por\u0119cze, klamki i inne przedmioty (np. telefony, klawiatury) regularnie dezynfekuje \u015brodkiem dezynfekuj\u0105cym lub wod\u0105 z detergentem.<\/li>\n<li>Obszary cz\u0119sto u\u017cywane, takie jak toalety, szatnie, ci\u0105gi komunikacyjne regularnie wietrzy i starannie sprz\u0105ta z u\u017cyciem wody z detergentem.<\/li>\n<li>Do pracy mo\u017ce przychodzi\u0107 jedynie osoba bez objaw\u00f3w infekcji lub choroby zaka\u017anej.<\/li>\n<li>Nale\u017cy zachowa\u0107 ostro\u017cno\u015b\u0107 w sytuacji gdy czujemy si\u0119 \u017ale- nie przychodzimy do szko\u0142y\/pracy, je\u015bli musimy w tym czasie kontaktowa\u0107 si\u0119 osobi\u015bcie z innymi- zaleca si\u0119 stosowanie maseczki ochronnej.<\/li>\n<li>W przypadku wyst\u0105pienia u pracownika b\u0119d\u0105cego na stanowisku pracy objaw\u00f3w choroby zaka\u017anej, zaleca si\u0119 noszenie maseczki i konsultacj\u0119 lekarsk\u0105.<\/li>\n<\/ol>\n<p><span style=\"color: #000080;\"><strong>\u00a0VI. <\/strong><strong style=\"font-size: var(--wp--custom--typography--font-size--text); background-color: var(--wp--preset--color--white); font-family: var(--wp--preset--font-family--raleway);\">NAUCZYCIELE<\/strong><\/span><\/p>\n<ol>\n<li>Nauczyciela obowi\u0105zuj\u0105 og\u00f3lne zasady higieny: cz\u0119ste mycie r\u0105k, ochrona podczas kichania i kaszlu oraz unikanie dotykania oczu, nosa i ust.<\/li>\n<li>Wychowawca klasy wyja\u015bnia uczniom zasady obowi\u0105zuj\u0105ce w szkole ze zwr\u00f3ceniem szczeg\u00f3lnej uwagi na przestrzeganie zasad higieny. <u>Na g.d.d.w. nale\u017cy odnotowa\u0107 informacje o przekazaniu uczniom zasad bezpiecze\u0144stwa w zakresie profilaktyki i ochrony zdrowia.<\/u><\/li>\n<li>Nauczyciel co godzin\u0119 wietrzy pomieszczenie.<\/li>\n<li>Mo\u017ce wychodzi\u0107 z uczniami w czasie zaj\u0119\u0107 na zewn\u0105trz szko\u0142y, post\u0119puj\u0105c zgodnie z przyj\u0119tymi zasadami.<\/li>\n<li>Do pracy mo\u017ce przychodzi\u0107 jedynie osoba bez objaw\u00f3w infekcji lub choroby zaka\u017anej.<\/li>\n<li>W przypadku wyst\u0105pienia u nauczyciela objaw\u00f3w infekcji lub choroby zaka\u017anej, zaleca si\u0119 noszenie maseczki i konsultacj\u0119 lekarsk\u0105.<\/li>\n<\/ol>\n<p><span style=\"color: #000080;\"><strong>VII. OBOWI\u0104ZKI RODZIC\u00d3W\/OPIEKUN\u00d3W PRAWNYCH<\/strong><\/span><\/p>\n<ol>\n<li>Rodzice\/opiekunowie prawni s\u0105 zobowi\u0105zani do zapoznania si\u0119 z procedurami bezpiecze\u0144stwa zdrowotnego na terenie Zespo\u0142u Szk\u00f3\u0142 Nr 1 w Ko\u0142obrzegu zamieszczonymi na stronie internetowej szko\u0142y.<\/li>\n<li>Rodzice\/ opiekunowie prawni posy\u0142aj\u0105 do szko\u0142y tylko zdrowe dziecko.<\/li>\n<li>Rodzice\/opiekunowie prawni wchodz\u0105cy na teren szko\u0142y bez objaw\u00f3w infekcji lub choroby zaka\u017anej.<\/li>\n<li>Zalecane jest komunikowanie si\u0119 rodzic\u00f3w\/opiekun\u00f3w prawnych uczni\u00f3w z nauczycielami, wychowawcami oraz dyrekcj\u0105 szko\u0142y z wykorzystaniem technik komunikacji na odleg\u0142o\u015b\u0107.<\/li>\n<li>Rodzice s\u0105 zobowi\u0105zani do podania aktualnego numeru telefonu i odbierania telefon\u00f3w od dyrektora lub pracownika szko\u0142y.<\/li>\n<li>W przypadku podejrzenia infekcji lub choroby zaka\u017anej u ucznia rodzic\/opiekun prawny ma obowi\u0105zek odebrania ucznia ze szko\u0142y.<\/li>\n<\/ol>\n<p><span style=\"color: #000080;\"><strong>VIII. OBOWI\u0104ZKI UCZNI\u00d3W<\/strong><\/span><\/p>\n<ol>\n<li>Ucze\u0144 stosuje og\u00f3lne zasady higieny: cz\u0119ste mycie r\u0105k, ochrona podczas kichania i kaszlu oraz unikanie dotykania oczu, nosa i ust.<\/li>\n<li>W sprawach wymagaj\u0105cych bezpo\u015bredniego kontaktu ucznia z pracownikami administracji, nauczycielami, dyrekcj\u0105 szko\u0142y obowi\u0105zuj\u0105 zasady zachowania dystansu spo\u0142ecznego.<\/li>\n<li>Ucze\u0144 dba o zachowywanie dystansu spo\u0142ecznego.<\/li>\n<li>Do szko\u0142y mo\u017ce przychodzi\u0107 jedynie ucze\u0144 bez objaw\u00f3w infekcji lub choroby zaka\u017anej.<\/li>\n<\/ol>\n<p><span style=\"color: #000080;\"><strong>IX. POSTANOWIENIA KO\u0143COWE<\/strong><\/span><\/p>\n<ol>\n<li>Procedury wchodz\u0105 w \u017cycie z dniem 12 grudnia 2023r i obowi\u0105zuj\u0105 do odwo\u0142ania.<\/li>\n<li>Procedura zostanie opublikowana na stronie internetowej szko\u0142y.<\/li>\n<\/ol>\n","protected":false},"excerpt":{"rendered":"<p>CEL PROCEDURY Procedura ma na celu ochron\u0119 zdrowia i \u017cycia wszystkich pracownik\u00f3w oraz uczni\u00f3w, ich rodzic\u00f3w\/prawnych opiekun\u00f3w. I. ZASADY OG\u00d3LNE Na terenie szko\u0142y [&hellip;]<\/p>\n","protected":false},"author":1,"featured_media":5419,"comment_status":"closed","ping_status":"closed","sticky":false,"template":"","format":"standard","meta":{"footnotes":""},"categories":[3],"tags":[],"class_list":["post-5413","post","type-post","status-publish","format-standard","has-post-thumbnail","hentry","category-ogloszenie"],"_links":{"self":[{"href":"https:\/\/szkola.2lo.pl\/index.php\/wp-json\/wp\/v2\/posts\/5413","targetHints":{"allow":["GET"]}}],"collection":[{"href":"https:\/\/szkola.2lo.pl\/index.php\/wp-json\/wp\/v2\/posts"}],"about":[{"href":"https:\/\/szkola.2lo.pl\/index.php\/wp-json\/wp\/v2\/types\/post"}],"author":[{"embeddable":true,"href":"https:\/\/szkola.2lo.pl\/index.php\/wp-json\/wp\/v2\/users\/1"}],"replies":[{"embeddable":true,"href":"https:\/\/szkola.2lo.pl\/index.php\/wp-json\/wp\/v2\/comments?post=5413"}],"version-history":[{"count":1,"href":"https:\/\/szkola.2lo.pl\/index.php\/wp-json\/wp\/v2\/posts\/5413\/revisions"}],"predecessor-version":[{"id":5415,"href":"https:\/\/szkola.2lo.pl\/index.php\/wp-json\/wp\/v2\/posts\/5413\/revisions\/5415"}],"wp:featuredmedia":[{"embeddable":true,"href":"https:\/\/szkola.2lo.pl\/index.php\/wp-json\/wp\/v2\/media\/5419"}],"wp:attachment":[{"href":"https:\/\/szkola.2lo.pl\/index.php\/wp-json\/wp\/v2\/media?parent=5413"}],"wp:term":[{"taxonomy":"category","embeddable":true,"href":"https:\/\/szkola.2lo.pl\/index.php\/wp-json\/wp\/v2\/categories?post=5413"},{"taxonomy":"post_tag","embeddable":true,"href":"https:\/\/szkola.2lo.pl\/index.php\/wp-json\/wp\/v2\/tags?post=5413"}],"curies":[{"name":"wp","href":"https:\/\/api.w.org\/{rel}","templated":true}]}}