{"id":55,"date":"2023-03-15T11:29:29","date_gmt":"2023-03-15T10:29:29","guid":{"rendered":"http:\/\/szkola1.2lo.pl\/?p=55"},"modified":"2023-05-23T10:53:35","modified_gmt":"2023-05-23T08:53:35","slug":"powiat-kolobrzeski-realizuje-projekt-dofinansowany-z-funduszy-europejskich-np-pomorze-zachodnie-bezpieczna-edukacja","status":"publish","type":"post","link":"https:\/\/szkola.2lo.pl\/index.php\/2023\/03\/15\/powiat-kolobrzeski-realizuje-projekt-dofinansowany-z-funduszy-europejskich-np-pomorze-zachodnie-bezpieczna-edukacja\/","title":{"rendered":"Powiat Ko\u0142obrzeski realizuje projekt dofinansowany z Funduszy Europejskich np. Pomorze Zachodnie &#8211; Bezpieczna Edukacja"},"content":{"rendered":"\n<p>Dzia\u0142anie 7.7 Wdro\u017cenie program\u00f3w wczesnego wykrywania wad rozwojowych i rehabilitacji dzieci z niepe\u0142nosprawno\u015bciami oraz przedsi\u0119wzi\u0119\u0107 zwi\u0105zanych z walk\u0105 i zapobieganiem COVID-19.<\/p>\n\n\n\n<p>Regionalny Program Operacyjny Wojew\u00f3dztwa Zachodniopomorskiego 2014-2020<\/p>\n\n\n\n<figure class=\"wp-block-image size-large\"><img decoding=\"async\" src=\"http:\/\/szkola1.2lo.pl\/wp-content\/uploads\/2023\/03\/logaProjektowe-1024x184.png\" alt=\"\" class=\"wp-image-56\"\/><\/figure>\n","protected":false},"excerpt":{"rendered":"<p>Dzia\u0142anie 7.7 Wdro\u017cenie program\u00f3w wczesnego wykrywania wad rozwojowych i rehabilitacji dzieci z niepe\u0142nosprawno\u015bciami oraz przedsi\u0119wzi\u0119\u0107 zwi\u0105zanych z walk\u0105 i zapobieganiem COVID-19. Regionalny Program [&hellip;]<\/p>\n","protected":false},"author":1,"featured_media":57,"comment_status":"closed","ping_status":"closed","sticky":false,"template":"","format":"standard","meta":{"footnotes":""},"categories":[3],"tags":[],"class_list":["post-55","post","type-post","status-publish","format-standard","has-post-thumbnail","hentry","category-ogloszenie"],"_links":{"self":[{"href":"https:\/\/szkola.2lo.pl\/index.php\/wp-json\/wp\/v2\/posts\/55","targetHints":{"allow":["GET"]}}],"collection":[{"href":"https:\/\/szkola.2lo.pl\/index.php\/wp-json\/wp\/v2\/posts"}],"about":[{"href":"https:\/\/szkola.2lo.pl\/index.php\/wp-json\/wp\/v2\/types\/post"}],"author":[{"embeddable":true,"href":"https:\/\/szkola.2lo.pl\/index.php\/wp-json\/wp\/v2\/users\/1"}],"replies":[{"embeddable":true,"href":"https:\/\/szkola.2lo.pl\/index.php\/wp-json\/wp\/v2\/comments?post=55"}],"version-history":[{"count":1,"href":"https:\/\/szkola.2lo.pl\/index.php\/wp-json\/wp\/v2\/posts\/55\/revisions"}],"predecessor-version":[{"id":4224,"href":"https:\/\/szkola.2lo.pl\/index.php\/wp-json\/wp\/v2\/posts\/55\/revisions\/4224"}],"wp:featuredmedia":[{"embeddable":true,"href":"https:\/\/szkola.2lo.pl\/index.php\/wp-json\/"}],"wp:attachment":[{"href":"https:\/\/szkola.2lo.pl\/index.php\/wp-json\/wp\/v2\/media?parent=55"}],"wp:term":[{"taxonomy":"category","embeddable":true,"href":"https:\/\/szkola.2lo.pl\/index.php\/wp-json\/wp\/v2\/categories?post=55"},{"taxonomy":"post_tag","embeddable":true,"href":"https:\/\/szkola.2lo.pl\/index.php\/wp-json\/wp\/v2\/tags?post=55"}],"curies":[{"name":"wp","href":"https:\/\/api.w.org\/{rel}","templated":true}]}}