{"id":5552,"date":"2024-05-22T09:06:25","date_gmt":"2024-05-22T07:06:25","guid":{"rendered":"https:\/\/szkola.2lo.pl\/?p=5552"},"modified":"2024-05-23T12:50:53","modified_gmt":"2024-05-23T10:50:53","slug":"wyniki-konkursu-kolobrzeskie-pomniki-przyrody","status":"publish","type":"post","link":"https:\/\/szkola.2lo.pl\/index.php\/2024\/05\/22\/wyniki-konkursu-kolobrzeskie-pomniki-przyrody\/","title":{"rendered":"Wyniki konkursu &#8221; Ko\u0142obrzeskie Pomniki Przyrody&#8221;"},"content":{"rendered":"\n<p>Na organizowany konkurs fotograficzny wp\u0142yn\u0119\u0142o 20 doskona\u0142ych prac ze szk\u00f3\u0142 podstawowych z naszego powiatu. Poni\u017cej przedstawiamy zwyci\u0119zc\u00f3w i wyr\u00f3\u017cnionych autor\u00f3w zdj\u0119\u0107.<\/p>\n\n\n\n<p><strong>I miejsce <\/strong>&#8211; Karolina Jo\u0144czyk, klasa 7, Szko\u0142a Podstawowa nr 3 im. Marynarzy Polskich w Ko\u0142obrzegu<\/p>\n\n\n\n<p><strong>II miejsce<\/strong> &#8211; Wojciech Tatarski, klasa 4, Szko\u0142a Podstawowa nr 7 im. Zjednoczonej&nbsp;Europy w Ko\u0142obrzegu<\/p>\n\n\n\n<p><strong>III miejsce<\/strong> &#8211; Maciej Wielosz, klasa 4, Szko\u0142a Podstawowa nr 8 im. kpt. \u017c.w. Konstantego Maciejewicza w Ko\u0142obrzegu<\/p>\n\n\n\n<p><strong>Wyr\u00f3\u017cnieni: <\/strong>Wojciech Jo\u0144czyk, klasa 5, Szko\u0142a Podstawowa nr 3 im. Marynarzy Polskich w Ko\u0142obrzegu, Amelia P\u0119kul, klasa 7, Szko\u0142a Podstawowa nr 3 im. Marynarzy Polskich w Ko\u0142obrzegu. Jan Tomasikiewicz, klasa 4, Szko\u0142a Podstawowa nr 8 im. kpt. \u017c.w. Konstantego Maciejewicza w Ko\u0142obrzegu. Bartosz Bukowiecki, klasa 5, Szko\u0142a Podstawowa nr 3 im. Marynarzy Polskich w Ko\u0142obrzegu. Micha\u0142 Gierlicz, klasa 4, Szko\u0142a Podstawowa nr 8 im. kpt. \u017c.w. Konstantego Maciejewicza w Ko\u0142obrzegu.<\/p>\n\n\n\n<p><strong>Nagrody i dyplomy b\u0119d\u0105 rozdawane podczas Szkolnego Pikniku Ekologicznego organizowanego przez nasz\u0105 szko\u0142\u0119 w dniu 11 czerwca br. Zaproszenia na imprez\u0119 zostan\u0105 wys\u0142ane do szk\u00f3\u0142.&nbsp; SERDECZNIE ZAPRASZAMY<\/strong>.<\/p>\n\n\n\n<p class=\"has-primary-color has-text-color has-link-color wp-elements-bfffef2f00f97ea4ac6ef374b26cf043\"><strong>Wszystkim uczestnikom serdecznie gratulujemy.&nbsp;<\/strong><\/p>\n\n\n\n<p>Poni\u017cej zwyci\u0119skie zdj\u0119cia:<\/p>\n\n\n\n<figure class=\"wp-block-gallery has-nested-images columns-default is-cropped wp-block-gallery-1 is-layout-flex wp-block-gallery-is-layout-flex\">\n<figure class=\"wp-block-image size-large\"><img loading=\"lazy\" decoding=\"async\" width=\"613\" height=\"1024\" data-id=\"5553\" src=\"https:\/\/szkola.2lo.pl\/wp-content\/uploads\/2024\/05\/1-Karolina-Jonczyk-613x1024.webp\" alt=\"I miejsce\" class=\"wp-image-5553\" srcset=\"https:\/\/szkola.2lo.pl\/wp-content\/uploads\/2024\/05\/1-Karolina-Jonczyk-613x1024.webp 613w, https:\/\/szkola.2lo.pl\/wp-content\/uploads\/2024\/05\/1-Karolina-Jonczyk-180x300.webp 180w, https:\/\/szkola.2lo.pl\/wp-content\/uploads\/2024\/05\/1-Karolina-Jonczyk-768x1283.webp 768w, https:\/\/szkola.2lo.pl\/wp-content\/uploads\/2024\/05\/1-Karolina-Jonczyk-920x1536.webp 920w, https:\/\/szkola.2lo.pl\/wp-content\/uploads\/2024\/05\/1-Karolina-Jonczyk-1226x2048.webp 1226w, https:\/\/szkola.2lo.pl\/wp-content\/uploads\/2024\/05\/1-Karolina-Jonczyk-599x1000.webp 599w, https:\/\/szkola.2lo.pl\/wp-content\/uploads\/2024\/05\/1-Karolina-Jonczyk-scaled.webp 1533w\" sizes=\"auto, (max-width: 613px) 100vw, 613px\" \/><figcaption class=\"wp-element-caption\">I miejsce &#8211; Karolina Jo\u0144czyk, klasa 7, Szko\u0142a Podstawowa nr 3 im. Marynarzy Polskich w Ko\u0142obrzegu<\/figcaption><\/figure>\n\n\n\n<figure class=\"wp-block-image size-large\"><img loading=\"lazy\" decoding=\"async\" width=\"478\" height=\"1024\" data-id=\"5554\" src=\"https:\/\/szkola.2lo.pl\/wp-content\/uploads\/2024\/05\/2-Tatarski-Wojciech-478x1024.webp\" alt=\"III miejsce\" class=\"wp-image-5554\" srcset=\"https:\/\/szkola.2lo.pl\/wp-content\/uploads\/2024\/05\/2-Tatarski-Wojciech-478x1024.webp 478w, https:\/\/szkola.2lo.pl\/wp-content\/uploads\/2024\/05\/2-Tatarski-Wojciech-140x300.webp 140w, https:\/\/szkola.2lo.pl\/wp-content\/uploads\/2024\/05\/2-Tatarski-Wojciech-768x1645.webp 768w, https:\/\/szkola.2lo.pl\/wp-content\/uploads\/2024\/05\/2-Tatarski-Wojciech-717x1536.webp 717w, https:\/\/szkola.2lo.pl\/wp-content\/uploads\/2024\/05\/2-Tatarski-Wojciech-956x2048.webp 956w, https:\/\/szkola.2lo.pl\/wp-content\/uploads\/2024\/05\/2-Tatarski-Wojciech-467x1000.webp 467w, https:\/\/szkola.2lo.pl\/wp-content\/uploads\/2024\/05\/2-Tatarski-Wojciech-scaled.webp 1196w\" sizes=\"auto, (max-width: 478px) 100vw, 478px\" \/><figcaption class=\"wp-element-caption\">II miejsce -Wojciech Tatarski, klasa 4, Szko\u0142a Podstawowa nr 7 im. Zjednoczonej\u00a0Europy w Ko\u0142obrzegu<\/figcaption><\/figure>\n\n\n\n<figure class=\"wp-block-image size-large\"><img loading=\"lazy\" decoding=\"async\" width=\"768\" height=\"1024\" data-id=\"5555\" src=\"https:\/\/szkola.2lo.pl\/wp-content\/uploads\/2024\/05\/3-Maciej-Wielosz-768x1024.jpg\" alt=\"II miejsce\" class=\"wp-image-5555\" srcset=\"https:\/\/szkola.2lo.pl\/wp-content\/uploads\/2024\/05\/3-Maciej-Wielosz-768x1024.jpg 768w, https:\/\/szkola.2lo.pl\/wp-content\/uploads\/2024\/05\/3-Maciej-Wielosz-225x300.jpg 225w, https:\/\/szkola.2lo.pl\/wp-content\/uploads\/2024\/05\/3-Maciej-Wielosz-1152x1536.jpg 1152w, https:\/\/szkola.2lo.pl\/wp-content\/uploads\/2024\/05\/3-Maciej-Wielosz-1536x2048.jpg 1536w, https:\/\/szkola.2lo.pl\/wp-content\/uploads\/2024\/05\/3-Maciej-Wielosz-750x1000.jpg 750w, https:\/\/szkola.2lo.pl\/wp-content\/uploads\/2024\/05\/3-Maciej-Wielosz-scaled.jpg 1920w\" sizes=\"auto, (max-width: 768px) 100vw, 768px\" \/><figcaption class=\"wp-element-caption\">III miejsce &#8211;  Maciej Wielosz, klasa 4, Szko\u0142a Podstawowa nr 8 im. kpt. \u017c.w. Konstantego Maciejewicza w Ko\u0142obrzegu <\/figcaption><\/figure>\n<\/figure>\n\n\n\n<p><\/p>\n","protected":false},"excerpt":{"rendered":"<p>Na organizowany konkurs fotograficzny wp\u0142yn\u0119\u0142o 20 doskona\u0142ych prac ze szk\u00f3\u0142 podstawowych z naszego powiatu. Poni\u017cej przedstawiamy zwyci\u0119zc\u00f3w i wyr\u00f3\u017cnionych autor\u00f3w zdj\u0119\u0107. I miejsce [&hellip;]<\/p>\n","protected":false},"author":1,"featured_media":5556,"comment_status":"closed","ping_status":"closed","sticky":false,"template":"","format":"standard","meta":{"footnotes":""},"categories":[3],"tags":[],"class_list":["post-5552","post","type-post","status-publish","format-standard","has-post-thumbnail","hentry","category-ogloszenie"],"_links":{"self":[{"href":"https:\/\/szkola.2lo.pl\/index.php\/wp-json\/wp\/v2\/posts\/5552","targetHints":{"allow":["GET"]}}],"collection":[{"href":"https:\/\/szkola.2lo.pl\/index.php\/wp-json\/wp\/v2\/posts"}],"about":[{"href":"https:\/\/szkola.2lo.pl\/index.php\/wp-json\/wp\/v2\/types\/post"}],"author":[{"embeddable":true,"href":"https:\/\/szkola.2lo.pl\/index.php\/wp-json\/wp\/v2\/users\/1"}],"replies":[{"embeddable":true,"href":"https:\/\/szkola.2lo.pl\/index.php\/wp-json\/wp\/v2\/comments?post=5552"}],"version-history":[{"count":3,"href":"https:\/\/szkola.2lo.pl\/index.php\/wp-json\/wp\/v2\/posts\/5552\/revisions"}],"predecessor-version":[{"id":5567,"href":"https:\/\/szkola.2lo.pl\/index.php\/wp-json\/wp\/v2\/posts\/5552\/revisions\/5567"}],"wp:featuredmedia":[{"embeddable":true,"href":"https:\/\/szkola.2lo.pl\/index.php\/wp-json\/wp\/v2\/media\/5556"}],"wp:attachment":[{"href":"https:\/\/szkola.2lo.pl\/index.php\/wp-json\/wp\/v2\/media?parent=5552"}],"wp:term":[{"taxonomy":"category","embeddable":true,"href":"https:\/\/szkola.2lo.pl\/index.php\/wp-json\/wp\/v2\/categories?post=5552"},{"taxonomy":"post_tag","embeddable":true,"href":"https:\/\/szkola.2lo.pl\/index.php\/wp-json\/wp\/v2\/tags?post=5552"}],"curies":[{"name":"wp","href":"https:\/\/api.w.org\/{rel}","templated":true}]}}