{"id":5597,"date":"2024-06-05T12:09:01","date_gmt":"2024-06-05T10:09:01","guid":{"rendered":"https:\/\/szkola.2lo.pl\/?p=5597"},"modified":"2024-06-07T09:27:29","modified_gmt":"2024-06-07T07:27:29","slug":"v-ekologiczny-piknik-z-sienkiewiczem","status":"publish","type":"post","link":"https:\/\/szkola.2lo.pl\/index.php\/2024\/06\/05\/v-ekologiczny-piknik-z-sienkiewiczem\/","title":{"rendered":"V Ekologiczny Piknik z Sienkiewiczem"},"content":{"rendered":"\n<p><\/p>\n\n\n\n<p>11 czerwca 2024 o godzinie 10:30 zapraszamy wszystkich uczni\u00f3w Zespo\u0142u Szk\u00f3\u0142 Nr 1 im. H. Sienkiewicza na V Ekologiczny Piknik z Sienkiewiczem. Poni\u017cej prezentujemy program.<\/p>\n\n\n\n<figure class=\"wp-block-image aligncenter size-large\"><img loading=\"lazy\" decoding=\"async\" width=\"724\" height=\"1024\" src=\"https:\/\/szkola.2lo.pl\/wp-content\/uploads\/2024\/06\/Piknik-ekologiczny-z-Sienkiewiczem-724x1024.webp\" alt=\"\" class=\"wp-image-5599\" srcset=\"https:\/\/szkola.2lo.pl\/wp-content\/uploads\/2024\/06\/Piknik-ekologiczny-z-Sienkiewiczem-724x1024.webp 724w, https:\/\/szkola.2lo.pl\/wp-content\/uploads\/2024\/06\/Piknik-ekologiczny-z-Sienkiewiczem-212x300.webp 212w, https:\/\/szkola.2lo.pl\/wp-content\/uploads\/2024\/06\/Piknik-ekologiczny-z-Sienkiewiczem-768x1086.webp 768w, https:\/\/szkola.2lo.pl\/wp-content\/uploads\/2024\/06\/Piknik-ekologiczny-z-Sienkiewiczem-1086x1536.webp 1086w, https:\/\/szkola.2lo.pl\/wp-content\/uploads\/2024\/06\/Piknik-ekologiczny-z-Sienkiewiczem-1448x2048.webp 1448w, https:\/\/szkola.2lo.pl\/wp-content\/uploads\/2024\/06\/Piknik-ekologiczny-z-Sienkiewiczem-707x1000.webp 707w, https:\/\/szkola.2lo.pl\/wp-content\/uploads\/2024\/06\/Piknik-ekologiczny-z-Sienkiewiczem-scaled.webp 1810w\" sizes=\"auto, (max-width: 724px) 100vw, 724px\" \/><\/figure>\n","protected":false},"excerpt":{"rendered":"<p>11 czerwca 2024 o godzinie 10:30 zapraszamy wszystkich uczni\u00f3w Zespo\u0142u Szk\u00f3\u0142 Nr 1 im. H. Sienkiewicza na V Ekologiczny Piknik z Sienkiewiczem. Poni\u017cej [&hellip;]<\/p>\n","protected":false},"author":1,"featured_media":5598,"comment_status":"closed","ping_status":"closed","sticky":false,"template":"","format":"standard","meta":{"footnotes":""},"categories":[2],"tags":[],"class_list":["post-5597","post","type-post","status-publish","format-standard","has-post-thumbnail","hentry","category-komunikaty"],"_links":{"self":[{"href":"https:\/\/szkola.2lo.pl\/index.php\/wp-json\/wp\/v2\/posts\/5597","targetHints":{"allow":["GET"]}}],"collection":[{"href":"https:\/\/szkola.2lo.pl\/index.php\/wp-json\/wp\/v2\/posts"}],"about":[{"href":"https:\/\/szkola.2lo.pl\/index.php\/wp-json\/wp\/v2\/types\/post"}],"author":[{"embeddable":true,"href":"https:\/\/szkola.2lo.pl\/index.php\/wp-json\/wp\/v2\/users\/1"}],"replies":[{"embeddable":true,"href":"https:\/\/szkola.2lo.pl\/index.php\/wp-json\/wp\/v2\/comments?post=5597"}],"version-history":[{"count":2,"href":"https:\/\/szkola.2lo.pl\/index.php\/wp-json\/wp\/v2\/posts\/5597\/revisions"}],"predecessor-version":[{"id":5602,"href":"https:\/\/szkola.2lo.pl\/index.php\/wp-json\/wp\/v2\/posts\/5597\/revisions\/5602"}],"wp:featuredmedia":[{"embeddable":true,"href":"https:\/\/szkola.2lo.pl\/index.php\/wp-json\/wp\/v2\/media\/5598"}],"wp:attachment":[{"href":"https:\/\/szkola.2lo.pl\/index.php\/wp-json\/wp\/v2\/media?parent=5597"}],"wp:term":[{"taxonomy":"category","embeddable":true,"href":"https:\/\/szkola.2lo.pl\/index.php\/wp-json\/wp\/v2\/categories?post=5597"},{"taxonomy":"post_tag","embeddable":true,"href":"https:\/\/szkola.2lo.pl\/index.php\/wp-json\/wp\/v2\/tags?post=5597"}],"curies":[{"name":"wp","href":"https:\/\/api.w.org\/{rel}","templated":true}]}}