{"id":6242,"date":"2025-10-06T09:39:02","date_gmt":"2025-10-06T07:39:02","guid":{"rendered":"https:\/\/szkola.2lo.pl\/?p=6242"},"modified":"2025-10-27T15:18:50","modified_gmt":"2025-10-27T14:18:50","slug":"konkurs-biblioteczny","status":"publish","type":"post","link":"https:\/\/szkola.2lo.pl\/index.php\/2025\/10\/06\/konkurs-biblioteczny\/","title":{"rendered":"KONKURS\u00a0 BIBLIOTECZNY!!"},"content":{"rendered":"\n<h2 class=\"wp-block-heading has-vivid-cyan-blue-color has-text-color has-link-color wp-elements-42f11c25ca42bcba798c94be44af3e5b\">Przedstawiamy Regulamin Konkursu Bibliotecznego na projekt plakatu do ulubionej ksi\u0105\u017cki:<br><\/h2>\n\n\n\n<p class=\"has-text-align-center\"><strong>&nbsp; \u00a7&nbsp;1. Organizatorzy, temat i forma.<\/strong><\/p>\n\n\n\n<p>1.&nbsp; Organizatorem Konkursu jest Biblioteka szkolna Zespo\u0142u Szk\u00f3\u0142 Nr 1 im. Henryka Sienkiewicza<\/p>\n\n\n\n<p>2.&nbsp;Konkurs przeznaczony jest dla uczni\u00f3w naszej szko\u0142y.<\/p>\n\n\n\n<p>3. Na plakacie promuj\u0105cym ksi\u0105\u017ck\u0119 musi by\u0107 zawarty tytu\u0142 ksi\u0105\u017cki.<\/p>\n\n\n\n<p>4.&nbsp;Praca konkursowa powinna by\u0107 zaprojektowana w dowolnym programie graficznym i zapisana w formacie .png lub .jpg ,mo\u017ce przedstawia\u0107 wszystko, co jest zwi\u0105zane z wybran\u0105 ksi\u0105\u017ck\u0105 \u2013 np. posta\u0107 g\u0142\u00f3wnego bohatera, wybrana scena, itp. &#8211; liczy si\u0119 oryginalny pomys\u0142.<\/p>\n\n\n\n<p class=\"has-text-align-center\">&nbsp;  &nbsp; &nbsp; &nbsp;&nbsp;<strong>&nbsp; \u00a7 2.&nbsp; Zasady zg\u0142aszania prac konkursowych.<\/strong><\/p>\n\n\n\n<p>1.&nbsp;Ka\u017cdy uczestnik mo\u017ce zg\u0142osi\u0107 tylko jeden plakat.<\/p>\n\n\n\n<p>2.&nbsp;Zg\u0142aszaj\u0105c plakat do konkursu, uczestnik o\u015bwiadcza, \u017ce jest jego autorem i posiada do niego wy\u0142\u0105czne prawa autorskie.<\/p>\n\n\n\n<p>3.&nbsp;Zaprojektowany samodzielnie plakat nale\u017cy przes\u0142a\u0107 szkoln\u0105 poczt\u0105 na adres&nbsp;<a href=\"mailto:a.golebiowska@2lo.pl\">a.golebiowska@2lo.pl<\/a>&nbsp;i&nbsp;<a href=\"mailto:b.morawska@2lo.pl\">b.morawska@2lo.pl<\/a>&nbsp; do dnia 14 listopada 2025 r. (pi\u0105tek).<\/p>\n\n\n\n<p class=\"has-text-align-center\"><strong><strong>\u00a7 3.<\/strong><\/strong> <strong>Zasady przyznawania nagr\u00f3d.<\/strong><\/p>\n\n\n\n<p>1.&nbsp;Wyb\u00f3r laureat\u00f3w nast\u0105pi do dnia 1 grudnia 2025 r. (poniedzia\u0142ek).<\/p>\n\n\n\n<p>2.&nbsp;Oceny Waszych prac dokona Jury powo\u0142ane przez Organizatora.<\/p>\n\n\n\n<p>3.&nbsp;Wszystkim laureatom zostan\u0105 przyznane dyplomy oraz nagrody.<\/p>\n\n\n\n<p class=\"has-text-align-center\">&nbsp;<strong>&nbsp;\u00a7 4. Rozstrzygni\u0119cie konkursu.<\/strong><\/p>\n\n\n\n<p>1. Wyniki konkursu zostan\u0105 og\u0142oszone na Facebooku szkolnym.<\/p>\n\n\n\n<p>2. O miejscu i terminie wr\u0119czenia nagr\u00f3d, uczestnicy zostan\u0105 powiadomieni odr\u0119bnie.<\/p>\n\n\n\n<p class=\"has-vivid-red-color has-text-color has-link-color wp-elements-c9365267f914bd71ea50e5e539e3962b\"><\/p>\n\n\n\n<p class=\"has-vivid-red-color has-text-color has-link-color wp-elements-102f77eba9f8dbf62827e6f2c401a309\">Plakat do konkursu zaprojektowa\u0142a Julia Kuckiel uczennica kl. 3 E.<\/p>\n\n\n\n<p class=\"has-vivid-red-color has-text-color has-link-color wp-elements-5eb290a732c53f1674ac4b70707c1205\">ZAPRASZAMY!!!<\/p>\n\n\n\n<p><\/p>\n","protected":false},"excerpt":{"rendered":"<p>Przedstawiamy Regulamin Konkursu Bibliotecznego na projekt plakatu do ulubionej ksi\u0105\u017cki: &nbsp; \u00a7&nbsp;1. Organizatorzy, temat i forma. 1.&nbsp; Organizatorem Konkursu jest Biblioteka szkolna Zespo\u0142u [&hellip;]<\/p>\n","protected":false},"author":1,"featured_media":6243,"comment_status":"closed","ping_status":"closed","sticky":false,"template":"","format":"standard","meta":{"footnotes":""},"categories":[3],"tags":[],"class_list":["post-6242","post","type-post","status-publish","format-standard","has-post-thumbnail","hentry","category-ogloszenie"],"_links":{"self":[{"href":"https:\/\/szkola.2lo.pl\/index.php\/wp-json\/wp\/v2\/posts\/6242","targetHints":{"allow":["GET"]}}],"collection":[{"href":"https:\/\/szkola.2lo.pl\/index.php\/wp-json\/wp\/v2\/posts"}],"about":[{"href":"https:\/\/szkola.2lo.pl\/index.php\/wp-json\/wp\/v2\/types\/post"}],"author":[{"embeddable":true,"href":"https:\/\/szkola.2lo.pl\/index.php\/wp-json\/wp\/v2\/users\/1"}],"replies":[{"embeddable":true,"href":"https:\/\/szkola.2lo.pl\/index.php\/wp-json\/wp\/v2\/comments?post=6242"}],"version-history":[{"count":2,"href":"https:\/\/szkola.2lo.pl\/index.php\/wp-json\/wp\/v2\/posts\/6242\/revisions"}],"predecessor-version":[{"id":6245,"href":"https:\/\/szkola.2lo.pl\/index.php\/wp-json\/wp\/v2\/posts\/6242\/revisions\/6245"}],"wp:featuredmedia":[{"embeddable":true,"href":"https:\/\/szkola.2lo.pl\/index.php\/wp-json\/wp\/v2\/media\/6243"}],"wp:attachment":[{"href":"https:\/\/szkola.2lo.pl\/index.php\/wp-json\/wp\/v2\/media?parent=6242"}],"wp:term":[{"taxonomy":"category","embeddable":true,"href":"https:\/\/szkola.2lo.pl\/index.php\/wp-json\/wp\/v2\/categories?post=6242"},{"taxonomy":"post_tag","embeddable":true,"href":"https:\/\/szkola.2lo.pl\/index.php\/wp-json\/wp\/v2\/tags?post=6242"}],"curies":[{"name":"wp","href":"https:\/\/api.w.org\/{rel}","templated":true}]}}