{"id":6271,"date":"2025-11-06T09:43:09","date_gmt":"2025-11-06T08:43:09","guid":{"rendered":"https:\/\/szkola.2lo.pl\/?p=6271"},"modified":"2025-11-25T20:51:48","modified_gmt":"2025-11-25T19:51:48","slug":"webinarium-online-the-power-of-ar-and-vrww","status":"publish","type":"post","link":"https:\/\/szkola.2lo.pl\/index.php\/2025\/11\/06\/webinarium-online-the-power-of-ar-and-vrww\/","title":{"rendered":"Webinarium online \u2013 \u201eThe Power of AR and VR\u201dww"},"content":{"rendered":"\n<p>W\u00a0<strong>poniedzia\u0142ek, 10 listopada 2025 r., o godz. 17:00<\/strong>\u00a0odb\u0119dzie si\u0119\u00a0<strong>webinarium online<\/strong>\u00a0w ramach projektu\u00a0<strong>\u201eThe Power of AR and VR\u201d<\/strong>.<\/p>\n\n\n\n<p>W spotkaniu we\u017amie udzia\u0142\u00a0<strong>20 uczni\u00f3w naszej szko\u0142y<\/strong>\u00a0oraz\u00a0<strong>5 nauczycieli<\/strong>.<\/p>\n\n\n\n<p>Wydarzenie to jest organizowane\u00a0<strong>w ramach przygotowa\u0144 do zbli\u017caj\u0105cej si\u0119 mobilno\u015bci LTT w Polsce<\/strong>, podczas kt\u00f3rej uczestnicy b\u0119d\u0105 rozwija\u0107 swoje kompetencje cyfrowe, j\u0119zykowe i kulturowe. Webinarium ma na celu przybli\u017cenie tematyki wykorzystania technologii rozszerzonej rzeczywisto\u015bci (AR) i wirtualnej rzeczywisto\u015bci (VR) w edukacji oraz zapoznanie uczestnik\u00f3w z innowacyjnymi narz\u0119dziami wspieraj\u0105cymi nauk\u0119 i kreatywne my\u015blenie.<\/p>\n\n\n\n<p>\ud83c\udfae\ud83c\udf0d VET STUDENT WEBINAR: The Power of AR and VR in Learning! \ud83c\udf0d\ud83c\udfae Join us for an interactive webinar \u201cThe Power of AR and VR: Igniting Passion for Learning through Innovative Technologies\u201d and discover how Augmented Reality (AR) and Virtual Reality (VR) are transforming the way we learn and work in vocational education! \ud83d\udcc5 Monday, November 10 at 05:00 PM CET \ud83d\udcbb Online event for VET students \ud83d\udc49 What to expect: \u2728 Introduction to AR and VR technologies \ud83d\udca1 Virtual group work \u2013 exploring real-world applications and benefits of AR and VR \ud83d\udde3\ufe0f Kialo debate: Discovering potential future career paths related to AR and VR technology \u2753 Q&amp;A session and event evaluation Host: Srednja \u0161kola Ban Josip Jela\u010di\u0107, Croatia \ud83c\udf10 More info:\u00a0<a href=\"https:\/\/power-ar-vr-edu.2lo.pl\/\" target=\"_blank\" rel=\"noreferrer noopener\">https:\/\/power-ar-vr-edu.2lo.pl\/<\/a>\u00a0#ErasmusPlus #ARVR #EducationInnovation #DigitalLearning #FutureSkills #StudentWebinar #PowerOfARandVR<\/p>\n","protected":false},"excerpt":{"rendered":"<p>W\u00a0poniedzia\u0142ek, 10 listopada 2025 r., o godz. 17:00\u00a0odb\u0119dzie si\u0119\u00a0webinarium online\u00a0w ramach projektu\u00a0\u201eThe Power of AR and VR\u201d. W spotkaniu we\u017amie udzia\u0142\u00a020 uczni\u00f3w naszej [&hellip;]<\/p>\n","protected":false},"author":1,"featured_media":6272,"comment_status":"closed","ping_status":"closed","sticky":false,"template":"","format":"standard","meta":{"footnotes":""},"categories":[3],"tags":[],"class_list":["post-6271","post","type-post","status-publish","format-standard","has-post-thumbnail","hentry","category-ogloszenie"],"_links":{"self":[{"href":"https:\/\/szkola.2lo.pl\/index.php\/wp-json\/wp\/v2\/posts\/6271","targetHints":{"allow":["GET"]}}],"collection":[{"href":"https:\/\/szkola.2lo.pl\/index.php\/wp-json\/wp\/v2\/posts"}],"about":[{"href":"https:\/\/szkola.2lo.pl\/index.php\/wp-json\/wp\/v2\/types\/post"}],"author":[{"embeddable":true,"href":"https:\/\/szkola.2lo.pl\/index.php\/wp-json\/wp\/v2\/users\/1"}],"replies":[{"embeddable":true,"href":"https:\/\/szkola.2lo.pl\/index.php\/wp-json\/wp\/v2\/comments?post=6271"}],"version-history":[{"count":1,"href":"https:\/\/szkola.2lo.pl\/index.php\/wp-json\/wp\/v2\/posts\/6271\/revisions"}],"predecessor-version":[{"id":6273,"href":"https:\/\/szkola.2lo.pl\/index.php\/wp-json\/wp\/v2\/posts\/6271\/revisions\/6273"}],"wp:featuredmedia":[{"embeddable":true,"href":"https:\/\/szkola.2lo.pl\/index.php\/wp-json\/wp\/v2\/media\/6272"}],"wp:attachment":[{"href":"https:\/\/szkola.2lo.pl\/index.php\/wp-json\/wp\/v2\/media?parent=6271"}],"wp:term":[{"taxonomy":"category","embeddable":true,"href":"https:\/\/szkola.2lo.pl\/index.php\/wp-json\/wp\/v2\/categories?post=6271"},{"taxonomy":"post_tag","embeddable":true,"href":"https:\/\/szkola.2lo.pl\/index.php\/wp-json\/wp\/v2\/tags?post=6271"}],"curies":[{"name":"wp","href":"https:\/\/api.w.org\/{rel}","templated":true}]}}