{"id":6420,"date":"2025-11-21T09:21:38","date_gmt":"2025-11-21T08:21:38","guid":{"rendered":"https:\/\/szkola.2lo.pl\/?p=6420"},"modified":"2025-12-15T10:01:34","modified_gmt":"2025-12-15T09:01:34","slug":"move-and-connect-three-cities-one-team","status":"publish","type":"post","link":"https:\/\/szkola.2lo.pl\/index.php\/2025\/11\/21\/move-and-connect-three-cities-one-team\/","title":{"rendered":"&#8222;Move and connect &#8211; three cities, one team&#8221;"},"content":{"rendered":"\n<p>W dniach 11 &#8211; 20 listopada 2025 uczniowie naszej szko\u0142y uczestniczyli w mi\u0119dzynarodowym projekcie sportowym &#8222;Move and connect &#8211; three cities, one team&#8221; realizowanym w Ko\u0142obrzegu i w Berlinie Pankow.&nbsp;<\/p>\n\n\n\n<p>Celem projektuby\u0142opromowanie wymiany mi\u0119dzykulturowej i tolerancji mi\u0119dzy uczestnikami, wzmacnianie pracy zespo\u0142owej i umiej\u0119tno\u015bci spo\u0142ecznych poprzez zaj\u0119cia sportowe, integracja m\u0142odych ludzi z r\u00f3\u017cnych kultur oraz promowanie pokoju i tolerancji poprzez wsp\u00f3lne do\u015bwiadczenia.<\/p>\n\n\n\n<p>W spotkaniu m\u0142odzie\u017cy udzia\u0142 wzi\u0119li uczniowie z Ko\u0142obrzegu, Berlina Pankow i Ashkleon. Podczas projektu uczestnicy rywalizowali w zawodach sportowych, uczestniczyli w warsztatach dotycz\u0105cych pracy zespo\u0142owej i komunikacji mi\u0119dzykulturowej,&nbsp; brali udzia\u0142 w wycieczkach kulturalnych oraz zaj\u0119ciach integracyjnych na \u015bwie\u017cym powietrzu promuj\u0105cych zaufanie i wsp\u00f3\u0142prac\u0119.<\/p>\n\n\n\n<p>Koordynatorami projektu s\u0105 nauczyciele: Justyna Dzi\u0119dziura, Pawe\u0142 Blechacz, Stefan Rebelski, Grzegorz Markowski, Konrad Kiszkel.<\/p>\n\n\n\n<p><strong>Projekt zosta\u0142 dofinasowany ze \u015brodk\u00f3w Polsko \u2013 Niemieckiej Wsp\u00f3\u0142pracy M\u0142odzie\u017cy, Powiatu Ko\u0142obrzeskiego i Rady Rodzic\u00f3w.<\/strong><\/p>\n\n\n\n<p><\/p>\n","protected":false},"excerpt":{"rendered":"<p>W dniach 11 &#8211; 20 listopada 2025 uczniowie naszej szko\u0142y uczestniczyli w mi\u0119dzynarodowym projekcie sportowym &#8222;Move and connect &#8211; three cities, one team&#8221; [&hellip;]<\/p>\n","protected":false},"author":1,"featured_media":6421,"comment_status":"closed","ping_status":"closed","sticky":false,"template":"","format":"standard","meta":{"footnotes":""},"categories":[2],"tags":[],"class_list":["post-6420","post","type-post","status-publish","format-standard","has-post-thumbnail","hentry","category-komunikaty"],"_links":{"self":[{"href":"https:\/\/szkola.2lo.pl\/index.php\/wp-json\/wp\/v2\/posts\/6420","targetHints":{"allow":["GET"]}}],"collection":[{"href":"https:\/\/szkola.2lo.pl\/index.php\/wp-json\/wp\/v2\/posts"}],"about":[{"href":"https:\/\/szkola.2lo.pl\/index.php\/wp-json\/wp\/v2\/types\/post"}],"author":[{"embeddable":true,"href":"https:\/\/szkola.2lo.pl\/index.php\/wp-json\/wp\/v2\/users\/1"}],"replies":[{"embeddable":true,"href":"https:\/\/szkola.2lo.pl\/index.php\/wp-json\/wp\/v2\/comments?post=6420"}],"version-history":[{"count":2,"href":"https:\/\/szkola.2lo.pl\/index.php\/wp-json\/wp\/v2\/posts\/6420\/revisions"}],"predecessor-version":[{"id":6441,"href":"https:\/\/szkola.2lo.pl\/index.php\/wp-json\/wp\/v2\/posts\/6420\/revisions\/6441"}],"wp:featuredmedia":[{"embeddable":true,"href":"https:\/\/szkola.2lo.pl\/index.php\/wp-json\/wp\/v2\/media\/6421"}],"wp:attachment":[{"href":"https:\/\/szkola.2lo.pl\/index.php\/wp-json\/wp\/v2\/media?parent=6420"}],"wp:term":[{"taxonomy":"category","embeddable":true,"href":"https:\/\/szkola.2lo.pl\/index.php\/wp-json\/wp\/v2\/categories?post=6420"},{"taxonomy":"post_tag","embeddable":true,"href":"https:\/\/szkola.2lo.pl\/index.php\/wp-json\/wp\/v2\/tags?post=6420"}],"curies":[{"name":"wp","href":"https:\/\/api.w.org\/{rel}","templated":true}]}}