{"id":6608,"date":"2026-03-11T14:35:41","date_gmt":"2026-03-11T13:35:41","guid":{"rendered":"https:\/\/szkola.2lo.pl\/?p=6608"},"modified":"2026-03-11T14:45:49","modified_gmt":"2026-03-11T13:45:49","slug":"profile-klas-pierwszych-w-roku-szkolnym-2026-2027","status":"publish","type":"post","link":"https:\/\/szkola.2lo.pl\/index.php\/2026\/03\/11\/profile-klas-pierwszych-w-roku-szkolnym-2026-2027\/","title":{"rendered":"Profile klas pierwszych w roku szkolnym 2026\/2027."},"content":{"rendered":"\n<p class=\"has-primary-color has-text-color has-link-color wp-elements-5b0a6b900915905bf5854dadc9718c11\">Dyrektor Zespo\u0142u Szk\u00f3\u0142 Nr 1 im. H. Sienkiewicza w Ko\u0142obrzegu, na podstawie art. 154 ust. 4 ustawy z dnia 14 grudnia 2016r. Prawo O\u015bwiatowe (Dz. U. z 2025 r. poz. 1043, 1160 i 1837 oraz z 2026 r. poz. 187 i 203.), podaje do publicznej wiadomo\u015bci wykaz obowi\u0105zkowych zaj\u0119\u0107 edukacyjnych wymienionych na \u015bwiadectwie uko\u0144czenia szko\u0142y podstawowej, kt\u00f3re b\u0119d\u0105 brane pod uwag\u0119 w post\u0119powaniu rekrutacyjnym na rok szkolny 2026\/27<\/p>\n\n\n\n<div class=\"wp-block-group is-layout-constrained wp-block-group-is-layout-constrained\">\n<ol class=\"wp-block-list\">\n<li><strong>W klasie humanistyczno \u2013 psychologiczno &#8211; medialnej <\/strong>liczba punkt\u00f3w rekrutacyjnych b\u0119dzie wyliczana z przedmiot\u00f3w:<\/li>\n<\/ol>\n\n\n\n<ul class=\"wp-block-list\">\n<li> j\u0119zyk polski,<\/li>\n\n\n\n<li> matematyka,<\/li>\n\n\n\n<li> historia,<\/li>\n\n\n\n<li> j\u0119zyk angielski.<\/li>\n<\/ul>\n\n\n\n<p>2.  <strong>W klasie politechnicznej <\/strong>liczba punkt\u00f3w rekrutacyjnych b\u0119dzie wyliczana z przedmiot\u00f3w:<\/p>\n\n\n\n<ul class=\"wp-block-list\">\n<li> j\u0119zyk polski,<\/li>\n\n\n\n<li> matematyka,<\/li>\n\n\n\n<li> fizyka,<\/li>\n\n\n\n<li> informatyka.<\/li>\n<\/ul>\n<\/div>\n\n\n\n<p>3. <strong>W klasie biologiczno \u2013 chemicznej <\/strong>liczba punkt\u00f3w rekrutacyjnych b\u0119dzie wyliczana z przedmiot\u00f3w:<\/p>\n\n\n\n<ul class=\"wp-block-list\">\n<li> j\u0119zyk polski,<\/li>\n\n\n\n<li> matematyka,<\/li>\n\n\n\n<li>biologia,<\/li>\n\n\n\n<li>chemia.<\/li>\n<\/ul>\n\n\n\n<p>4. <strong>W klasie technik informatyk <\/strong>liczba punkt\u00f3w rekrutacyjnych b\u0119dzie wyliczana z przedmiot\u00f3w<\/p>\n\n\n\n<ul class=\"wp-block-list\">\n<li>j\u0119zyk polski,<\/li>\n\n\n\n<li> matematyka,<\/li>\n\n\n\n<li>fizyka,<\/li>\n\n\n\n<li>informatyka.<\/li>\n<\/ul>\n\n\n\n<p class=\"has-primary-color has-text-color has-link-color wp-elements-51c26a675b859ccafe2d966d5f23ac03\"><strong>Nauczane j\u0119zyki obce nowo\u017cytne: j\u0119zyk angielski, j\u0119zyk niemiecki.<\/strong><\/p>\n\n\n\n<p><\/p>\n","protected":false},"excerpt":{"rendered":"<p>Dyrektor Zespo\u0142u Szk\u00f3\u0142 Nr 1 im. H. Sienkiewicza w Ko\u0142obrzegu, na podstawie art. 154 ust. 4 ustawy z dnia 14 grudnia 2016r. Prawo [&hellip;]<\/p>\n","protected":false},"author":1,"featured_media":6610,"comment_status":"closed","ping_status":"closed","sticky":true,"template":"","format":"standard","meta":{"footnotes":""},"categories":[1],"tags":[],"class_list":["post-6608","post","type-post","status-publish","format-standard","has-post-thumbnail","hentry","category-bez-kategorii"],"_links":{"self":[{"href":"https:\/\/szkola.2lo.pl\/index.php\/wp-json\/wp\/v2\/posts\/6608","targetHints":{"allow":["GET"]}}],"collection":[{"href":"https:\/\/szkola.2lo.pl\/index.php\/wp-json\/wp\/v2\/posts"}],"about":[{"href":"https:\/\/szkola.2lo.pl\/index.php\/wp-json\/wp\/v2\/types\/post"}],"author":[{"embeddable":true,"href":"https:\/\/szkola.2lo.pl\/index.php\/wp-json\/wp\/v2\/users\/1"}],"replies":[{"embeddable":true,"href":"https:\/\/szkola.2lo.pl\/index.php\/wp-json\/wp\/v2\/comments?post=6608"}],"version-history":[{"count":1,"href":"https:\/\/szkola.2lo.pl\/index.php\/wp-json\/wp\/v2\/posts\/6608\/revisions"}],"predecessor-version":[{"id":6609,"href":"https:\/\/szkola.2lo.pl\/index.php\/wp-json\/wp\/v2\/posts\/6608\/revisions\/6609"}],"wp:featuredmedia":[{"embeddable":true,"href":"https:\/\/szkola.2lo.pl\/index.php\/wp-json\/wp\/v2\/media\/6610"}],"wp:attachment":[{"href":"https:\/\/szkola.2lo.pl\/index.php\/wp-json\/wp\/v2\/media?parent=6608"}],"wp:term":[{"taxonomy":"category","embeddable":true,"href":"https:\/\/szkola.2lo.pl\/index.php\/wp-json\/wp\/v2\/categories?post=6608"},{"taxonomy":"post_tag","embeddable":true,"href":"https:\/\/szkola.2lo.pl\/index.php\/wp-json\/wp\/v2\/tags?post=6608"}],"curies":[{"name":"wp","href":"https:\/\/api.w.org\/{rel}","templated":true}]}}