{"id":6612,"date":"2026-03-23T13:21:20","date_gmt":"2026-03-23T12:21:20","guid":{"rendered":"https:\/\/szkola.2lo.pl\/?p=6612"},"modified":"2026-04-22T10:30:41","modified_gmt":"2026-04-22T08:30:41","slug":"serdecznie-zapraszamy-uczniow-szkol-podstawowych-na-dni-otwarte-naszej-szkoly","status":"publish","type":"post","link":"https:\/\/szkola.2lo.pl\/index.php\/2026\/03\/23\/serdecznie-zapraszamy-uczniow-szkol-podstawowych-na-dni-otwarte-naszej-szkoly\/","title":{"rendered":"Serdecznie zapraszamy uczni\u00f3w szk\u00f3\u0142 podstawowych na Dni Otwarte naszej szko\u0142y!"},"content":{"rendered":"\n<p><\/p>\n\n\n\n<p>To doskona\u0142a okazja, aby pozna\u0107 nasz\u0105 ofert\u0119 edukacyjn\u0105, zobaczy\u0107 sale lekcyjne,  spotka\u0107  naszych nauczycieli i uczni\u00f3w. <\/p>\n\n\n\n<p> Czekamy na Was w dniach 30-31.03.2026 z u\u015bmiechem i mn\u00f3stwem pozytywnej energii!<\/p>\n\n\n\n<div class=\"wp-block-file\"><a id=\"wp-block-file--media-9a320806-52bf-4b9e-9730-ed5b65127699\" href=\"https:\/\/szkola.2lo.pl\/wp-content\/uploads\/2026\/03\/Plakat_.png\">Plakat_<\/a><a href=\"https:\/\/szkola.2lo.pl\/wp-content\/uploads\/2026\/03\/Plakat_.png\" class=\"wp-block-file__button wp-element-button\" download aria-describedby=\"wp-block-file--media-9a320806-52bf-4b9e-9730-ed5b65127699\">Pobierz<\/a><\/div>\n\n\n\n<p><\/p>\n","protected":false},"excerpt":{"rendered":"<p>To doskona\u0142a okazja, aby pozna\u0107 nasz\u0105 ofert\u0119 edukacyjn\u0105, zobaczy\u0107 sale lekcyjne, spotka\u0107 naszych nauczycieli i uczni\u00f3w. Czekamy na Was w dniach 30-31.03.2026 z [&hellip;]<\/p>\n","protected":false},"author":1,"featured_media":6613,"comment_status":"closed","ping_status":"closed","sticky":false,"template":"","format":"standard","meta":{"footnotes":""},"categories":[1],"tags":[],"class_list":["post-6612","post","type-post","status-publish","format-standard","has-post-thumbnail","hentry","category-bez-kategorii"],"_links":{"self":[{"href":"https:\/\/szkola.2lo.pl\/index.php\/wp-json\/wp\/v2\/posts\/6612","targetHints":{"allow":["GET"]}}],"collection":[{"href":"https:\/\/szkola.2lo.pl\/index.php\/wp-json\/wp\/v2\/posts"}],"about":[{"href":"https:\/\/szkola.2lo.pl\/index.php\/wp-json\/wp\/v2\/types\/post"}],"author":[{"embeddable":true,"href":"https:\/\/szkola.2lo.pl\/index.php\/wp-json\/wp\/v2\/users\/1"}],"replies":[{"embeddable":true,"href":"https:\/\/szkola.2lo.pl\/index.php\/wp-json\/wp\/v2\/comments?post=6612"}],"version-history":[{"count":1,"href":"https:\/\/szkola.2lo.pl\/index.php\/wp-json\/wp\/v2\/posts\/6612\/revisions"}],"predecessor-version":[{"id":6615,"href":"https:\/\/szkola.2lo.pl\/index.php\/wp-json\/wp\/v2\/posts\/6612\/revisions\/6615"}],"wp:featuredmedia":[{"embeddable":true,"href":"https:\/\/szkola.2lo.pl\/index.php\/wp-json\/wp\/v2\/media\/6613"}],"wp:attachment":[{"href":"https:\/\/szkola.2lo.pl\/index.php\/wp-json\/wp\/v2\/media?parent=6612"}],"wp:term":[{"taxonomy":"category","embeddable":true,"href":"https:\/\/szkola.2lo.pl\/index.php\/wp-json\/wp\/v2\/categories?post=6612"},{"taxonomy":"post_tag","embeddable":true,"href":"https:\/\/szkola.2lo.pl\/index.php\/wp-json\/wp\/v2\/tags?post=6612"}],"curies":[{"name":"wp","href":"https:\/\/api.w.org\/{rel}","templated":true}]}}