{"id":6664,"date":"2026-04-27T17:47:00","date_gmt":"2026-04-27T15:47:00","guid":{"rendered":"https:\/\/szkola.2lo.pl\/?p=6664"},"modified":"2026-04-27T17:50:23","modified_gmt":"2026-04-27T15:50:23","slug":"prymus-2026","status":"publish","type":"post","link":"https:\/\/szkola.2lo.pl\/index.php\/2026\/04\/27\/prymus-2026\/","title":{"rendered":"Prymus 2026"},"content":{"rendered":"\n<p>W roku 2026 tytu\u0142 Prymusa Liceum Og\u00f3lnokszta\u0142c\u0105cego otrzyma\u0142a uczennica z najwy\u017csz\u0105 \u015bredni\u0105 uko\u0144czenia szko\u0142y Malwina Jezierska. Natomiast tytu\u0142 Prymusa Technikum Zawodowego  otrzyma\u0142a uczennica Natalia Ko\u0142odziejska.<\/p>\n\n\n\n<figure class=\"wp-block-image size-large\"><img loading=\"lazy\" decoding=\"async\" width=\"1024\" height=\"683\" src=\"https:\/\/szkola.2lo.pl\/wp-content\/uploads\/2026\/04\/1000009898-1-1024x683.jpg\" alt=\"\" class=\"wp-image-6668\" srcset=\"https:\/\/szkola.2lo.pl\/wp-content\/uploads\/2026\/04\/1000009898-1-1024x683.jpg 1024w, https:\/\/szkola.2lo.pl\/wp-content\/uploads\/2026\/04\/1000009898-1-300x200.jpg 300w, https:\/\/szkola.2lo.pl\/wp-content\/uploads\/2026\/04\/1000009898-1-768x512.jpg 768w, https:\/\/szkola.2lo.pl\/wp-content\/uploads\/2026\/04\/1000009898-1-1536x1024.jpg 1536w, https:\/\/szkola.2lo.pl\/wp-content\/uploads\/2026\/04\/1000009898-1-1500x1000.jpg 1500w, https:\/\/szkola.2lo.pl\/wp-content\/uploads\/2026\/04\/1000009898-1.jpg 2048w\" sizes=\"auto, (max-width: 1024px) 100vw, 1024px\" \/><\/figure>\n\n\n\n<figure class=\"wp-block-image size-large\"><img loading=\"lazy\" decoding=\"async\" width=\"1024\" height=\"683\" src=\"https:\/\/szkola.2lo.pl\/wp-content\/uploads\/2026\/04\/1000009899-1024x683.jpg\" alt=\"\" class=\"wp-image-6667\" srcset=\"https:\/\/szkola.2lo.pl\/wp-content\/uploads\/2026\/04\/1000009899-1024x683.jpg 1024w, https:\/\/szkola.2lo.pl\/wp-content\/uploads\/2026\/04\/1000009899-300x200.jpg 300w, https:\/\/szkola.2lo.pl\/wp-content\/uploads\/2026\/04\/1000009899-768x512.jpg 768w, https:\/\/szkola.2lo.pl\/wp-content\/uploads\/2026\/04\/1000009899-1536x1024.jpg 1536w, https:\/\/szkola.2lo.pl\/wp-content\/uploads\/2026\/04\/1000009899-1500x1000.jpg 1500w, https:\/\/szkola.2lo.pl\/wp-content\/uploads\/2026\/04\/1000009899.jpg 2048w\" sizes=\"auto, (max-width: 1024px) 100vw, 1024px\" \/><\/figure>\n","protected":false},"excerpt":{"rendered":"<p>W roku 2026 tytu\u0142 Prymusa Liceum Og\u00f3lnokszta\u0142c\u0105cego otrzyma\u0142a uczennica z najwy\u017csz\u0105 \u015bredni\u0105 uko\u0144czenia szko\u0142y Malwina Jezierska. Natomiast tytu\u0142 Prymusa Technikum Zawodowego otrzyma\u0142a uczennica [&hellip;]<\/p>\n","protected":false},"author":1,"featured_media":6665,"comment_status":"closed","ping_status":"closed","sticky":true,"template":"","format":"standard","meta":{"footnotes":""},"categories":[3],"tags":[],"class_list":["post-6664","post","type-post","status-publish","format-standard","has-post-thumbnail","hentry","category-ogloszenie"],"_links":{"self":[{"href":"https:\/\/szkola.2lo.pl\/index.php\/wp-json\/wp\/v2\/posts\/6664","targetHints":{"allow":["GET"]}}],"collection":[{"href":"https:\/\/szkola.2lo.pl\/index.php\/wp-json\/wp\/v2\/posts"}],"about":[{"href":"https:\/\/szkola.2lo.pl\/index.php\/wp-json\/wp\/v2\/types\/post"}],"author":[{"embeddable":true,"href":"https:\/\/szkola.2lo.pl\/index.php\/wp-json\/wp\/v2\/users\/1"}],"replies":[{"embeddable":true,"href":"https:\/\/szkola.2lo.pl\/index.php\/wp-json\/wp\/v2\/comments?post=6664"}],"version-history":[{"count":3,"href":"https:\/\/szkola.2lo.pl\/index.php\/wp-json\/wp\/v2\/posts\/6664\/revisions"}],"predecessor-version":[{"id":6670,"href":"https:\/\/szkola.2lo.pl\/index.php\/wp-json\/wp\/v2\/posts\/6664\/revisions\/6670"}],"wp:featuredmedia":[{"embeddable":true,"href":"https:\/\/szkola.2lo.pl\/index.php\/wp-json\/wp\/v2\/media\/6665"}],"wp:attachment":[{"href":"https:\/\/szkola.2lo.pl\/index.php\/wp-json\/wp\/v2\/media?parent=6664"}],"wp:term":[{"taxonomy":"category","embeddable":true,"href":"https:\/\/szkola.2lo.pl\/index.php\/wp-json\/wp\/v2\/categories?post=6664"},{"taxonomy":"post_tag","embeddable":true,"href":"https:\/\/szkola.2lo.pl\/index.php\/wp-json\/wp\/v2\/tags?post=6664"}],"curies":[{"name":"wp","href":"https:\/\/api.w.org\/{rel}","templated":true}]}}